{"id":57021,"date":"2016-01-04T14:19:45","date_gmt":"2016-01-04T12:19:45","guid":{"rendered":"http:\/\/www.sana.sy\/tr\/?p=57021"},"modified":"2016-01-04T16:32:15","modified_gmt":"2016-01-04T14:32:15","slug":"birlikte-yasiyoruz-slogani-altinda-sergi-duzenleniyor-video","status":"publish","type":"post","link":"https:\/\/archive.sana.sy\/tr\/?p=57021","title":{"rendered":"Birlikte Ya\u015f\u0131yoruz Slogan\u0131 Alt\u0131nda Sergi D\u00fczenleniyor (video)"},"content":{"rendered":"<p>\u015eAM \u2013 Ahl el \u015eam Hay\u0131r Cemiyeti \u015eam\u2019\u0131n Mezze Semtindeki el Ek\u015feri Plas Galerisinde \u2018Birlikte Ya\u015f\u0131yoruz\u2019 slogan\u0131 alt\u0131nda kad\u0131nlar\u0131n el \u00e7al\u0131\u015fmalar\u0131na yer veren sergi d\u00fczenledi.<\/p>\n<p><img loading=\"lazy\" decoding=\"async\" class=\"alignright wp-image-57025 size-medium\" src=\"http:\/\/www.sana.sy\/tr\/wp-content\/uploads\/2016\/01\/3-3-300x182.jpg\" alt=\"3\" width=\"300\" height=\"182\" srcset=\"https:\/\/archive.sana.sy\/tr\/wp-content\/uploads\/2016\/01\/3-3-300x182.jpg 300w, https:\/\/archive.sana.sy\/tr\/wp-content\/uploads\/2016\/01\/3-3-150x91.jpg 150w, https:\/\/archive.sana.sy\/tr\/wp-content\/uploads\/2016\/01\/3-3-768x466.jpg 768w, https:\/\/archive.sana.sy\/tr\/wp-content\/uploads\/2016\/01\/3-3-1024x621.jpg 1024w\" sizes=\"auto, (max-width: 300px) 100vw, 300px\" \/>Sosyal kalk\u0131nmada kad\u0131n rol\u00fcn\u00fc peki\u015ftirme ve \u00fcretici kad\u0131nlara destek ama\u00e7l\u0131 olarak d\u00fczenlenen sergiye bir\u00e7ok sivil toplum cemiyeti kat\u0131ld\u0131.<\/p>\n<p>Hay\u0131r Cemiyetinin Y\u00f6netim Kurulu Ba\u015fkan\u0131 Meysa Reslan; serginin \u2018Birlikte Kalk\u0131n\u0131yoruz\u2019 projesinin bir par\u00e7as\u0131 oldu\u011funu ifade ederken bu projede; ter\u00f6r eylemleri nedeniyle b\u00f6lgelerini terk eden ve faaliyetlerini s\u00fcrd\u00fcrme g\u00fcc\u00fcne sahip olmayan cemiyetlere destek ama\u00e7l\u0131 ba\u015flat\u0131ld\u0131\u011f\u0131na dikkat \u00e7ekti. Reslan projede 80\u2019in \u00fcst\u00fcnde hay\u0131r cemiyetinin bulundu\u011funu ifade ederken, bu cemiyetlerin takdim ettikleri yard\u0131mlardan ayl\u0131k olarak 16 binden fazla ki\u015finin faydaland\u0131\u011f\u0131n\u0131 a\u00e7\u0131klad\u0131.<\/p>\n<div id='gallery-1' class='gallery galleryid-57021 gallery-columns-3 gallery-size-thumbnail'><figure class='gallery-item'>\n\t\t\t<div class='gallery-icon landscape'>\n\t\t\t\t<a href='https:\/\/archive.sana.sy\/tr\/wp-content\/uploads\/2016\/01\/8-2.jpg'><img loading=\"lazy\" decoding=\"async\" width=\"150\" height=\"97\" src=\"https:\/\/archive.sana.sy\/tr\/wp-content\/uploads\/2016\/01\/8-2-150x97.jpg\" class=\"attachment-thumbnail size-thumbnail\" alt=\"\" srcset=\"https:\/\/archive.sana.sy\/tr\/wp-content\/uploads\/2016\/01\/8-2-150x97.jpg 150w, https:\/\/archive.sana.sy\/tr\/wp-content\/uploads\/2016\/01\/8-2-300x194.jpg 300w, https:\/\/archive.sana.sy\/tr\/wp-content\/uploads\/2016\/01\/8-2-768x496.jpg 768w, https:\/\/archive.sana.sy\/tr\/wp-content\/uploads\/2016\/01\/8-2-1024x661.jpg 1024w\" sizes=\"auto, (max-width: 150px) 100vw, 150px\" \/><\/a>\n\t\t\t<\/div><\/figure><figure class='gallery-item'>\n\t\t\t<div class='gallery-icon landscape'>\n\t\t\t\t<a href='https:\/\/archive.sana.sy\/tr\/wp-content\/uploads\/2016\/01\/1-8.jpg'><img loading=\"lazy\" decoding=\"async\" width=\"150\" height=\"97\" src=\"https:\/\/archive.sana.sy\/tr\/wp-content\/uploads\/2016\/01\/1-8-150x97.jpg\" class=\"attachment-thumbnail size-thumbnail\" alt=\"\" srcset=\"https:\/\/archive.sana.sy\/tr\/wp-content\/uploads\/2016\/01\/1-8-150x97.jpg 150w, https:\/\/archive.sana.sy\/tr\/wp-content\/uploads\/2016\/01\/1-8-300x195.jpg 300w, https:\/\/archive.sana.sy\/tr\/wp-content\/uploads\/2016\/01\/1-8-768x498.jpg 768w, https:\/\/archive.sana.sy\/tr\/wp-content\/uploads\/2016\/01\/1-8-1024x664.jpg 1024w\" sizes=\"auto, (max-width: 150px) 100vw, 150px\" \/><\/a>\n\t\t\t<\/div><\/figure><figure class='gallery-item'>\n\t\t\t<div class='gallery-icon landscape'>\n\t\t\t\t<a href='https:\/\/archive.sana.sy\/tr\/wp-content\/uploads\/2016\/01\/4-2.jpg'><img loading=\"lazy\" decoding=\"async\" width=\"150\" height=\"98\" src=\"https:\/\/archive.sana.sy\/tr\/wp-content\/uploads\/2016\/01\/4-2-150x98.jpg\" class=\"attachment-thumbnail size-thumbnail\" alt=\"\" srcset=\"https:\/\/archive.sana.sy\/tr\/wp-content\/uploads\/2016\/01\/4-2-150x98.jpg 150w, https:\/\/archive.sana.sy\/tr\/wp-content\/uploads\/2016\/01\/4-2-300x195.jpg 300w, https:\/\/archive.sana.sy\/tr\/wp-content\/uploads\/2016\/01\/4-2-768x499.jpg 768w, https:\/\/archive.sana.sy\/tr\/wp-content\/uploads\/2016\/01\/4-2-1024x666.jpg 1024w, https:\/\/archive.sana.sy\/tr\/wp-content\/uploads\/2016\/01\/4-2-310x205.jpg 310w\" sizes=\"auto, (max-width: 150px) 100vw, 150px\" \/><\/a>\n\t\t\t<\/div><\/figure><figure class='gallery-item'>\n\t\t\t<div class='gallery-icon portrait'>\n\t\t\t\t<a href='https:\/\/archive.sana.sy\/tr\/wp-content\/uploads\/2016\/01\/5-2.jpg'><img loading=\"lazy\" decoding=\"async\" width=\"95\" height=\"150\" src=\"https:\/\/archive.sana.sy\/tr\/wp-content\/uploads\/2016\/01\/5-2-95x150.jpg\" class=\"attachment-thumbnail size-thumbnail\" alt=\"\" srcset=\"https:\/\/archive.sana.sy\/tr\/wp-content\/uploads\/2016\/01\/5-2-95x150.jpg 95w, https:\/\/archive.sana.sy\/tr\/wp-content\/uploads\/2016\/01\/5-2-191x300.jpg 191w, https:\/\/archive.sana.sy\/tr\/wp-content\/uploads\/2016\/01\/5-2-768x1208.jpg 768w, https:\/\/archive.sana.sy\/tr\/wp-content\/uploads\/2016\/01\/5-2-651x1024.jpg 651w, https:\/\/archive.sana.sy\/tr\/wp-content\/uploads\/2016\/01\/5-2.jpg 1907w\" sizes=\"auto, (max-width: 95px) 100vw, 95px\" \/><\/a>\n\t\t\t<\/div><\/figure><figure class='gallery-item'>\n\t\t\t<div class='gallery-icon landscape'>\n\t\t\t\t<a href='https:\/\/archive.sana.sy\/tr\/wp-content\/uploads\/2016\/01\/6-2.jpg'><img loading=\"lazy\" decoding=\"async\" width=\"150\" height=\"96\" src=\"https:\/\/archive.sana.sy\/tr\/wp-content\/uploads\/2016\/01\/6-2-150x96.jpg\" class=\"attachment-thumbnail size-thumbnail\" alt=\"\" srcset=\"https:\/\/archive.sana.sy\/tr\/wp-content\/uploads\/2016\/01\/6-2-150x96.jpg 150w, https:\/\/archive.sana.sy\/tr\/wp-content\/uploads\/2016\/01\/6-2-300x191.jpg 300w, https:\/\/archive.sana.sy\/tr\/wp-content\/uploads\/2016\/01\/6-2-768x489.jpg 768w, https:\/\/archive.sana.sy\/tr\/wp-content\/uploads\/2016\/01\/6-2-1024x653.jpg 1024w\" sizes=\"auto, (max-width: 150px) 100vw, 150px\" \/><\/a>\n\t\t\t<\/div><\/figure><figure class='gallery-item'>\n\t\t\t<div class='gallery-icon landscape'>\n\t\t\t\t<a href='https:\/\/archive.sana.sy\/tr\/wp-content\/uploads\/2016\/01\/7-2.jpg'><img loading=\"lazy\" decoding=\"async\" width=\"150\" height=\"100\" src=\"https:\/\/archive.sana.sy\/tr\/wp-content\/uploads\/2016\/01\/7-2-150x100.jpg\" class=\"attachment-thumbnail size-thumbnail\" alt=\"\" srcset=\"https:\/\/archive.sana.sy\/tr\/wp-content\/uploads\/2016\/01\/7-2-150x100.jpg 150w, https:\/\/archive.sana.sy\/tr\/wp-content\/uploads\/2016\/01\/7-2-300x200.jpg 300w, https:\/\/archive.sana.sy\/tr\/wp-content\/uploads\/2016\/01\/7-2-768x511.jpg 768w, https:\/\/archive.sana.sy\/tr\/wp-content\/uploads\/2016\/01\/7-2-1024x682.jpg 1024w, https:\/\/archive.sana.sy\/tr\/wp-content\/uploads\/2016\/01\/7-2-310x205.jpg 310w\" sizes=\"auto, (max-width: 150px) 100vw, 150px\" \/><\/a>\n\t\t\t<\/div><\/figure>\n\t\t<\/div>\n\n<p>https:\/\/www.youtube.com\/watch?v=DxpSKCASlJU<\/p>\n","protected":false},"excerpt":{"rendered":"<p>\u015eAM \u2013 Ahl el \u015eam Hay\u0131r Cemiyeti \u015eam\u2019\u0131n Mezze Semtindeki el Ek\u015feri Plas Galerisinde \u2018Birlikte Ya\u015f\u0131yoruz\u2019 slogan\u0131 alt\u0131nda kad\u0131nlar\u0131n el \u00e7al\u0131\u015fmalar\u0131na yer veren sergi d\u00fczenledi. Sosyal kalk\u0131nmada kad\u0131n rol\u00fcn\u00fc peki\u015ftirme ve \u00fcretici kad\u0131nlara destek ama\u00e7l\u0131 olarak d\u00fczenlenen sergiye bir\u00e7ok sivil toplum cemiyeti kat\u0131ld\u0131. Hay\u0131r Cemiyetinin Y\u00f6netim Kurulu Ba\u015fkan\u0131 Meysa Reslan; serginin \u2018Birlikte Kalk\u0131n\u0131yoruz\u2019 projesinin bir &hellip;<\/p>\n","protected":false},"author":1,"featured_media":57023,"comment_status":"closed","ping_status":"closed","sticky":false,"template":"","format":"standard","meta":{"footnotes":""},"categories":[596,526,479,17988,525,478],"tags":[18379],"class_list":["post-57021","post","type-post","status-publish","format-standard","has-post-thumbnail","","category-fotografli-raporlar","category-haber-ve-raporlar","category-haberler-yerel","category-son-haberler","category-toplum","category-yerel","tag-birlikte-yasiyoruz-slogani-altinda-sergi-duzenleniyor"],"_links":{"self":[{"href":"https:\/\/archive.sana.sy\/tr\/index.php?rest_route=\/wp\/v2\/posts\/57021","targetHints":{"allow":["GET"]}}],"collection":[{"href":"https:\/\/archive.sana.sy\/tr\/index.php?rest_route=\/wp\/v2\/posts"}],"about":[{"href":"https:\/\/archive.sana.sy\/tr\/index.php?rest_route=\/wp\/v2\/types\/post"}],"author":[{"embeddable":true,"href":"https:\/\/archive.sana.sy\/tr\/index.php?rest_route=\/wp\/v2\/users\/1"}],"replies":[{"embeddable":true,"href":"https:\/\/archive.sana.sy\/tr\/index.php?rest_route=%2Fwp%2Fv2%2Fcomments&post=57021"}],"version-history":[{"count":0,"href":"https:\/\/archive.sana.sy\/tr\/index.php?rest_route=\/wp\/v2\/posts\/57021\/revisions"}],"wp:featuredmedia":[{"embeddable":true,"href":"https:\/\/archive.sana.sy\/tr\/index.php?rest_route=\/wp\/v2\/media\/57023"}],"wp:attachment":[{"href":"https:\/\/archive.sana.sy\/tr\/index.php?rest_route=%2Fwp%2Fv2%2Fmedia&parent=57021"}],"wp:term":[{"taxonomy":"category","embeddable":true,"href":"https:\/\/archive.sana.sy\/tr\/index.php?rest_route=%2Fwp%2Fv2%2Fcategories&post=57021"},{"taxonomy":"post_tag","embeddable":true,"href":"https:\/\/archive.sana.sy\/tr\/index.php?rest_route=%2Fwp%2Fv2%2Ftags&post=57021"}],"curies":[{"name":"wp","href":"https:\/\/api.w.org\/{rel}","templated":true}]}}