{"id":57033,"date":"2016-01-04T15:00:40","date_gmt":"2016-01-04T13:00:40","guid":{"rendered":"http:\/\/www.sana.sy\/tr\/?p=57033"},"modified":"2016-01-04T16:40:51","modified_gmt":"2016-01-04T14:40:51","slug":"turkiyede-ki-sebekeyi-organize-etmek-zaman-gerektirir","status":"publish","type":"post","link":"https:\/\/archive.sana.sy\/tr\/?p=57033","title":{"rendered":"T\u00fcrkiye&#8217;de ki \u015eebekeyi Organize Etmek Zaman Gerektirir"},"content":{"rendered":"<p>PRAG \u2013 \u00c7ek Cumhurba\u015fkan\u0131 Milos Zeman ter\u00f6rist M\u00fcsl\u00fcman Karde\u015fler \u00d6rg\u00fct\u00fcn\u00fcn d\u00fcnyay\u0131 ele ge\u00e7irmeye \u00e7al\u0131\u015fan di\u011fer ter\u00f6r \u00f6rg\u00fctlere \u00f6rt\u00fc te\u015fkil etmesi tehlikesine kar\u015f\u0131 uyard\u0131.<\/p>\n<p>\u00c7ek Radyosunun bug\u00fcn yay\u0131nlad\u0131\u011f\u0131 konu\u015fmas\u0131nda Zeman; radikallerin Avrupa&#8217;ya kar\u015f\u0131 sava\u015f a\u00e7ma g\u00fcc\u00fcne sahip olmad\u0131klar\u0131n\u0131, bunun i\u00e7inde Avrupa&#8217;ya g\u00f6\u00e7 dalgas\u0131 ba\u015flatt\u0131klar\u0131n\u0131 belirtti. Zeman radikallerin Avrupa\u2019y\u0131 par\u00e7a par\u00e7a ele ge\u00e7irmeye \u00e7al\u0131\u015ft\u0131klar\u0131na dikkat \u00e7ekerken, Avrupa\u2019n\u0131n bir k\u0131s\u0131m devletlerinde radikal m\u00fcltecilerin bulunduklar\u0131 b\u00f6lgelere polislerin gece saatlerine giremez olduklar\u0131n\u0131 s\u00f6yledi.<\/p>\n<p>\u00c7ek Cumhurba\u015fkan\u0131 Zeman; sadece T\u00fcrkiye&#8217;de \u015fu an 25 binden fazla insan ka\u00e7ak\u00e7\u0131s\u0131n\u0131n bulundu\u011funu, bunun da \u00c7ek ordusunun say\u0131s\u0131n\u0131 a\u015ft\u0131\u011f\u0131n\u0131 belirtti. Bu say\u0131da ve b\u00f6yle bir \u015febekeyi organize etmenin \u00e7ok daha \u00f6nceden haz\u0131rl\u0131klara ihtiyac\u0131 oldu\u011funu s\u00f6yleyen Zeman; buna yard\u0131m edenlerin mutlaka bulundu\u011funa dikkat \u00e7ekti.<\/p>\n<p>T\u00fcrkiye&#8217;de M\u00fcsl\u00fcman Karde\u015fler ideolojisiyle bilinen ve Suriye&#8217;de bu ter\u00f6ristlere her t\u00fcrl\u00fc deste\u011fi temin eden Erdo\u011fan rejimi bir s\u00fcre \u00f6nce T\u00fcrkiye&#8217;den Avrupa&#8217;ya g\u00f6\u00e7 ak\u0131n\u0131 ba\u015flatm\u0131\u015ft\u0131.<\/p>\n","protected":false},"excerpt":{"rendered":"<p>PRAG \u2013 \u00c7ek Cumhurba\u015fkan\u0131 Milos Zeman ter\u00f6rist M\u00fcsl\u00fcman Karde\u015fler \u00d6rg\u00fct\u00fcn\u00fcn d\u00fcnyay\u0131 ele ge\u00e7irmeye \u00e7al\u0131\u015fan di\u011fer ter\u00f6r \u00f6rg\u00fctlere \u00f6rt\u00fc te\u015fkil etmesi tehlikesine kar\u015f\u0131 uyard\u0131. \u00c7ek Radyosunun bug\u00fcn yay\u0131nlad\u0131\u011f\u0131 konu\u015fmas\u0131nda Zeman; radikallerin Avrupa&#8217;ya kar\u015f\u0131 sava\u015f a\u00e7ma g\u00fcc\u00fcne sahip olmad\u0131klar\u0131n\u0131, bunun i\u00e7inde Avrupa&#8217;ya g\u00f6\u00e7 dalgas\u0131 ba\u015flatt\u0131klar\u0131n\u0131 belirtti. Zeman radikallerin Avrupa\u2019y\u0131 par\u00e7a par\u00e7a ele ge\u00e7irmeye \u00e7al\u0131\u015ft\u0131klar\u0131na dikkat \u00e7ekerken, Avrupa\u2019n\u0131n &hellip;<\/p>\n","protected":false},"author":1,"featured_media":57034,"comment_status":"closed","ping_status":"closed","sticky":false,"template":"","format":"standard","meta":{"footnotes":""},"categories":[458,459,17988],"tags":[18380,18383,18066,18382,18381,16717,17075],"class_list":["post-57033","post","type-post","status-publish","format-standard","has-post-thumbnail","","category-dunya1","category-haberler-arap-uluslararasi-politika","category-son-haberler","tag-cek-cumhurbaskani","tag-cemaat","tag-erdogan-rejimi","tag-ihvancilar","tag-milos-zeman","tag-multeciler","tag-musluman-kardesler"],"_links":{"self":[{"href":"https:\/\/archive.sana.sy\/tr\/index.php?rest_route=\/wp\/v2\/posts\/57033","targetHints":{"allow":["GET"]}}],"collection":[{"href":"https:\/\/archive.sana.sy\/tr\/index.php?rest_route=\/wp\/v2\/posts"}],"about":[{"href":"https:\/\/archive.sana.sy\/tr\/index.php?rest_route=\/wp\/v2\/types\/post"}],"author":[{"embeddable":true,"href":"https:\/\/archive.sana.sy\/tr\/index.php?rest_route=\/wp\/v2\/users\/1"}],"replies":[{"embeddable":true,"href":"https:\/\/archive.sana.sy\/tr\/index.php?rest_route=%2Fwp%2Fv2%2Fcomments&post=57033"}],"version-history":[{"count":0,"href":"https:\/\/archive.sana.sy\/tr\/index.php?rest_route=\/wp\/v2\/posts\/57033\/revisions"}],"wp:featuredmedia":[{"embeddable":true,"href":"https:\/\/archive.sana.sy\/tr\/index.php?rest_route=\/wp\/v2\/media\/57034"}],"wp:attachment":[{"href":"https:\/\/archive.sana.sy\/tr\/index.php?rest_route=%2Fwp%2Fv2%2Fmedia&parent=57033"}],"wp:term":[{"taxonomy":"category","embeddable":true,"href":"https:\/\/archive.sana.sy\/tr\/index.php?rest_route=%2Fwp%2Fv2%2Fcategories&post=57033"},{"taxonomy":"post_tag","embeddable":true,"href":"https:\/\/archive.sana.sy\/tr\/index.php?rest_route=%2Fwp%2Fv2%2Ftags&post=57033"}],"curies":[{"name":"wp","href":"https:\/\/api.w.org\/{rel}","templated":true}]}}