{"id":57036,"date":"2016-01-04T16:47:15","date_gmt":"2016-01-04T14:47:15","guid":{"rendered":"http:\/\/www.sana.sy\/tr\/?p=57036"},"modified":"2016-01-04T16:47:15","modified_gmt":"2016-01-04T14:47:15","slug":"erdogan-ceteleri-gelisiguzel-saldirilarini-surdurdu","status":"publish","type":"post","link":"https:\/\/archive.sana.sy\/tr\/?p=57036","title":{"rendered":"Erdo\u011fan \u00c7eteleri Geli\u015fig\u00fczel Sald\u0131r\u0131lar\u0131n\u0131 S\u00fcrd\u00fcrd\u00fc"},"content":{"rendered":"<p>HALEP \u2013 T\u00fcrkiye&#8217;de Erdo\u011fan rejimine tabi tekfirci ve hain ter\u00f6r \u00e7eteleri sivil yerle\u015fim alanlara ve savunmas\u0131z sivil insanlara geli\u015fi g\u00fczel f\u00fcze sald\u0131r\u0131lar\u0131n\u0131 s\u00fcrd\u00fcrd\u00fc.<\/p>\n<p>Halep Emniyet M\u00fcd\u00fcrl\u00fc\u011f\u00fcnde bir kaynak SANA\u2019ya yapt\u0131\u011f\u0131 a\u00e7\u0131klamada; Beni Zeyd Semtinde bulunan ve Erdo\u011fan rejiminden destek komuta alan tekfirci ter\u00f6ristlerin kentin sivil yerle\u015fim alanlar\u0131ndan Yeni S\u00fcryan Semtini geli\u015fi g\u00fczel olarak f\u00fczelerle hedef ald\u0131klar\u0131n\u0131 belirtti. F\u00fczelerden birinin bir binaya d\u00fc\u015ft\u00fc\u011f\u00fcn\u00fc s\u00f6yleyen kaynak; hain sald\u0131r\u0131da 4 ki\u015finin yaraland\u0131\u011f\u0131n\u0131, binan\u0131n bir k\u0131sm\u0131n\u0131n da y\u0131k\u0131ld\u0131\u011f\u0131n\u0131 s\u00f6zlerine ekledi.<\/p>\n<p>Ayn\u0131 kaynak Erdo\u011fan \u00e7etelerinin f\u0131rlatt\u0131klar\u0131 f\u00fczelerin ayn\u0131 zamanda Halep Kentinin sivil b\u00f6lgeleri Te\u015frin Caddesi, Sebil Konutlar\u0131, E\u015frefiye Semti ve daha ba\u015fka b\u00f6lgelere d\u00fc\u015ft\u00fcklerini ifade ederken burada maddi hasarlar\u0131n olu\u015ftu\u011funu s\u00f6zlerine ekledi.<\/p>\n","protected":false},"excerpt":{"rendered":"<p>HALEP \u2013 T\u00fcrkiye&#8217;de Erdo\u011fan rejimine tabi tekfirci ve hain ter\u00f6r \u00e7eteleri sivil yerle\u015fim alanlara ve savunmas\u0131z sivil insanlara geli\u015fi g\u00fczel f\u00fcze sald\u0131r\u0131lar\u0131n\u0131 s\u00fcrd\u00fcrd\u00fc. Halep Emniyet M\u00fcd\u00fcrl\u00fc\u011f\u00fcnde bir kaynak SANA\u2019ya yapt\u0131\u011f\u0131 a\u00e7\u0131klamada; Beni Zeyd Semtinde bulunan ve Erdo\u011fan rejiminden destek komuta alan tekfirci ter\u00f6ristlerin kentin sivil yerle\u015fim alanlar\u0131ndan Yeni S\u00fcryan Semtini geli\u015fi g\u00fczel olarak f\u00fczelerle hedef &hellip;<\/p>\n","protected":false},"author":1,"featured_media":57041,"comment_status":"closed","ping_status":"closed","sticky":false,"template":"","format":"standard","meta":{"footnotes":""},"categories":[575,17988],"tags":[18384],"class_list":["post-57036","post","type-post","status-publish","format-standard","has-post-thumbnail","","category-olaylar-ve-gercekler","category-son-haberler","tag-erdogan-ceteleri-gelisiguzel-saldirilarini-surdurdu"],"_links":{"self":[{"href":"https:\/\/archive.sana.sy\/tr\/index.php?rest_route=\/wp\/v2\/posts\/57036","targetHints":{"allow":["GET"]}}],"collection":[{"href":"https:\/\/archive.sana.sy\/tr\/index.php?rest_route=\/wp\/v2\/posts"}],"about":[{"href":"https:\/\/archive.sana.sy\/tr\/index.php?rest_route=\/wp\/v2\/types\/post"}],"author":[{"embeddable":true,"href":"https:\/\/archive.sana.sy\/tr\/index.php?rest_route=\/wp\/v2\/users\/1"}],"replies":[{"embeddable":true,"href":"https:\/\/archive.sana.sy\/tr\/index.php?rest_route=%2Fwp%2Fv2%2Fcomments&post=57036"}],"version-history":[{"count":0,"href":"https:\/\/archive.sana.sy\/tr\/index.php?rest_route=\/wp\/v2\/posts\/57036\/revisions"}],"wp:featuredmedia":[{"embeddable":true,"href":"https:\/\/archive.sana.sy\/tr\/index.php?rest_route=\/wp\/v2\/media\/57041"}],"wp:attachment":[{"href":"https:\/\/archive.sana.sy\/tr\/index.php?rest_route=%2Fwp%2Fv2%2Fmedia&parent=57036"}],"wp:term":[{"taxonomy":"category","embeddable":true,"href":"https:\/\/archive.sana.sy\/tr\/index.php?rest_route=%2Fwp%2Fv2%2Fcategories&post=57036"},{"taxonomy":"post_tag","embeddable":true,"href":"https:\/\/archive.sana.sy\/tr\/index.php?rest_route=%2Fwp%2Fv2%2Ftags&post=57036"}],"curies":[{"name":"wp","href":"https:\/\/api.w.org\/{rel}","templated":true}]}}