{"id":5704,"date":"2014-07-23T10:13:48","date_gmt":"2014-07-23T07:13:48","guid":{"rendered":"http:\/\/www.sana.sy\/tr\/?p=5704"},"modified":"2014-07-23T10:13:48","modified_gmt":"2014-07-23T07:13:48","slug":"curkin-teroristlerin-el-sair-gaz-sahasina-saldirilarini-kinadi","status":"publish","type":"post","link":"https:\/\/archive.sana.sy\/tr\/?p=5704","title":{"rendered":"\u00c7urkin Ter\u00f6ristlerin el \u015eair Gaz Sahas\u0131na Sald\u0131r\u0131lar\u0131n\u0131 K\u0131nad\u0131"},"content":{"rendered":"<p>NEW YORK \u2013 Rusya\u2019n\u0131n Birle\u015fmi\u015f Milletler Daimi temsilcisi Vitally \u00c7urkin, Kaide\u2019ye ba\u011fl\u0131 s\u00f6zde \u201cIrak ve \u015eam Devleti\u201d adl\u0131 ter\u00f6r \u00f6rg\u00fct\u00fcn\u00fcn Suriye\u2019nin Homs kentinde el \u015eair Gaz sahas\u0131na y\u00f6nelik ter\u00f6rist sald\u0131r\u0131s\u0131n\u0131 k\u0131nad\u0131.<\/p>\n<p>Rusya Today sitesi BM\u2019de orta do\u011fu ile ilgili g\u00f6r\u00fc\u015fmeler s\u0131ras\u0131nda \u00c7urkin\u2019in s\u00f6zlerinden naklen, olay\u0131n Suriye ve Irak\u2019taki petrol\u00fcn ter\u00f6rist gruplarla tedav\u00fcle edilmemesi gere\u011fini belirten ve Rusya taraf\u0131ndan sunulan G\u00fcvenlik Konseyi Ba\u015fkan\u0131n\u0131n beyan tasar\u0131s\u0131n\u0131n karara ba\u011flanmas\u0131 gere\u011fini yineledi.<\/p>\n<p>\u00c7urkin, \u00fclkesinin genel olarak Suriye ve b\u00f6lgede aktifle\u015fen ve ter\u00f6r aktivitelerinin temel merkezi haline d\u00f6n\u00fc\u015fen radikalcilerin hareketlenmelerinin ciddi bir \u015fekilde artmas\u0131ndan b\u00fcy\u00fck endi\u015fe duydu\u011funu kaydetti.<\/p>\n<p>\u00c7urkin \u00d6te yandan, radikalcilerin Golan\u2019daki BM g\u00f6zlemcilerine savurdu\u011fu \u00e7irkef tehditlerine y\u00f6nelik k\u0131zg\u0131nl\u0131\u011f\u0131n\u0131 dile getirdi ve bu gibi tehditlerin haddi zat\u0131nda uluslararas\u0131 topluma y\u00f6nelik \u00e7irkef bir meydan okuma say\u0131ld\u0131\u011f\u0131n\u0131 vurgulad\u0131.<\/p>\n","protected":false},"excerpt":{"rendered":"<p>NEW YORK \u2013 Rusya\u2019n\u0131n Birle\u015fmi\u015f Milletler Daimi temsilcisi Vitally \u00c7urkin, Kaide\u2019ye ba\u011fl\u0131 s\u00f6zde \u201cIrak ve \u015eam Devleti\u201d adl\u0131 ter\u00f6r \u00f6rg\u00fct\u00fcn\u00fcn Suriye\u2019nin Homs kentinde el \u015eair Gaz sahas\u0131na y\u00f6nelik ter\u00f6rist sald\u0131r\u0131s\u0131n\u0131 k\u0131nad\u0131. Rusya Today sitesi BM\u2019de orta do\u011fu ile ilgili g\u00f6r\u00fc\u015fmeler s\u0131ras\u0131nda \u00c7urkin\u2019in s\u00f6zlerinden naklen, olay\u0131n Suriye ve Irak\u2019taki petrol\u00fcn ter\u00f6rist gruplarla tedav\u00fcle edilmemesi gere\u011fini belirten &hellip;<\/p>\n","protected":false},"author":1,"featured_media":5705,"comment_status":"closed","ping_status":"closed","sticky":false,"template":"","format":"standard","meta":{"footnotes":""},"categories":[458,459,447],"tags":[1244],"class_list":["post-5704","post","type-post","status-publish","format-standard","has-post-thumbnail","","category-dunya1","category-haberler-arap-uluslararasi-politika","category-politika","tag-curkin-teroristlerin-el-sair-gaz-sahasina-saldirilarini-kinadi"],"_links":{"self":[{"href":"https:\/\/archive.sana.sy\/tr\/index.php?rest_route=\/wp\/v2\/posts\/5704","targetHints":{"allow":["GET"]}}],"collection":[{"href":"https:\/\/archive.sana.sy\/tr\/index.php?rest_route=\/wp\/v2\/posts"}],"about":[{"href":"https:\/\/archive.sana.sy\/tr\/index.php?rest_route=\/wp\/v2\/types\/post"}],"author":[{"embeddable":true,"href":"https:\/\/archive.sana.sy\/tr\/index.php?rest_route=\/wp\/v2\/users\/1"}],"replies":[{"embeddable":true,"href":"https:\/\/archive.sana.sy\/tr\/index.php?rest_route=%2Fwp%2Fv2%2Fcomments&post=5704"}],"version-history":[{"count":0,"href":"https:\/\/archive.sana.sy\/tr\/index.php?rest_route=\/wp\/v2\/posts\/5704\/revisions"}],"wp:featuredmedia":[{"embeddable":true,"href":"https:\/\/archive.sana.sy\/tr\/index.php?rest_route=\/wp\/v2\/media\/5705"}],"wp:attachment":[{"href":"https:\/\/archive.sana.sy\/tr\/index.php?rest_route=%2Fwp%2Fv2%2Fmedia&parent=5704"}],"wp:term":[{"taxonomy":"category","embeddable":true,"href":"https:\/\/archive.sana.sy\/tr\/index.php?rest_route=%2Fwp%2Fv2%2Fcategories&post=5704"},{"taxonomy":"post_tag","embeddable":true,"href":"https:\/\/archive.sana.sy\/tr\/index.php?rest_route=%2Fwp%2Fv2%2Ftags&post=5704"}],"curies":[{"name":"wp","href":"https:\/\/api.w.org\/{rel}","templated":true}]}}