{"id":57061,"date":"2016-01-05T15:04:19","date_gmt":"2016-01-05T13:04:19","guid":{"rendered":"http:\/\/www.sana.sy\/tr\/?p=57061"},"modified":"2016-01-05T15:04:19","modified_gmt":"2016-01-05T13:04:19","slug":"bervana-kenti-isidten-temizlendi","status":"publish","type":"post","link":"https:\/\/archive.sana.sy\/tr\/?p=57061","title":{"rendered":"Bervana Kenti I\u015e\u0130D\u2019ten Temizlendi"},"content":{"rendered":"<p>BA\u011eDAT \u2013 Irak g\u00fc\u00e7leri bug\u00fcn Enbar iline tabi Bervana Kentini I\u015e\u0130D ter\u00f6ristlerinden temizleyerek kent ve ahalisinin g\u00fcvenli\u011fini sa\u011flad\u0131.<\/p>\n<p>Irak Operasyonlar Komutas\u0131nda bas\u0131n ofisi bug\u00fcn yay\u0131nlad\u0131\u011f\u0131 ve bir n\u00fcshas\u0131n\u0131 da SANA\u2019ya g\u00f6nderdi\u011fi beyan\u0131nda; Irak g\u00fc\u00e7lerinin Bervana Kentinde bulunsun I\u015e\u0130D\u2019li t\u00fcm ter\u00f6ristleri etkisiz hale getirip kenti tamamen kontrol\u00fcne ge\u00e7irdi\u011fini ifade etti.<\/p>\n<p>Beyanda Cezire G\u00fc\u00e7lerinin Hasfa Bervana ekseninin hedef alan bir ter\u00f6r sald\u0131r\u0131s\u0131n\u0131 \u00e7\u00f6kerttiklerine dikkat \u00e7ekilirken, \u00e7at\u0131\u015fmada ter\u00f6ristlere ait 50 arac\u0131n tahrip edildi\u011fini, 90\u2019dan fazla ter\u00f6ristin de \u00f6ld\u00fcr\u00fcld\u00fc\u011f\u00fc kaydedildi.<\/p>\n","protected":false},"excerpt":{"rendered":"<p>BA\u011eDAT \u2013 Irak g\u00fc\u00e7leri bug\u00fcn Enbar iline tabi Bervana Kentini I\u015e\u0130D ter\u00f6ristlerinden temizleyerek kent ve ahalisinin g\u00fcvenli\u011fini sa\u011flad\u0131. Irak Operasyonlar Komutas\u0131nda bas\u0131n ofisi bug\u00fcn yay\u0131nlad\u0131\u011f\u0131 ve bir n\u00fcshas\u0131n\u0131 da SANA\u2019ya g\u00f6nderdi\u011fi beyan\u0131nda; Irak g\u00fc\u00e7lerinin Bervana Kentinde bulunsun I\u015e\u0130D\u2019li t\u00fcm ter\u00f6ristleri etkisiz hale getirip kenti tamamen kontrol\u00fcne ge\u00e7irdi\u011fini ifade etti. Beyanda Cezire G\u00fc\u00e7lerinin Hasfa Bervana ekseninin &hellip;<\/p>\n","protected":false},"author":1,"featured_media":57062,"comment_status":"closed","ping_status":"closed","sticky":false,"template":"","format":"standard","meta":{"footnotes":""},"categories":[458,459,17988],"tags":[18288,2318],"class_list":["post-57061","post","type-post","status-publish","format-standard","has-post-thumbnail","","category-dunya1","category-haberler-arap-uluslararasi-politika","category-son-haberler","tag-irak-ordusu","tag-isid"],"_links":{"self":[{"href":"https:\/\/archive.sana.sy\/tr\/index.php?rest_route=\/wp\/v2\/posts\/57061","targetHints":{"allow":["GET"]}}],"collection":[{"href":"https:\/\/archive.sana.sy\/tr\/index.php?rest_route=\/wp\/v2\/posts"}],"about":[{"href":"https:\/\/archive.sana.sy\/tr\/index.php?rest_route=\/wp\/v2\/types\/post"}],"author":[{"embeddable":true,"href":"https:\/\/archive.sana.sy\/tr\/index.php?rest_route=\/wp\/v2\/users\/1"}],"replies":[{"embeddable":true,"href":"https:\/\/archive.sana.sy\/tr\/index.php?rest_route=%2Fwp%2Fv2%2Fcomments&post=57061"}],"version-history":[{"count":0,"href":"https:\/\/archive.sana.sy\/tr\/index.php?rest_route=\/wp\/v2\/posts\/57061\/revisions"}],"wp:featuredmedia":[{"embeddable":true,"href":"https:\/\/archive.sana.sy\/tr\/index.php?rest_route=\/wp\/v2\/media\/57062"}],"wp:attachment":[{"href":"https:\/\/archive.sana.sy\/tr\/index.php?rest_route=%2Fwp%2Fv2%2Fmedia&parent=57061"}],"wp:term":[{"taxonomy":"category","embeddable":true,"href":"https:\/\/archive.sana.sy\/tr\/index.php?rest_route=%2Fwp%2Fv2%2Fcategories&post=57061"},{"taxonomy":"post_tag","embeddable":true,"href":"https:\/\/archive.sana.sy\/tr\/index.php?rest_route=%2Fwp%2Fv2%2Ftags&post=57061"}],"curies":[{"name":"wp","href":"https:\/\/api.w.org\/{rel}","templated":true}]}}