{"id":57064,"date":"2016-01-05T15:19:30","date_gmt":"2016-01-05T13:19:30","guid":{"rendered":"http:\/\/www.sana.sy\/tr\/?p=57064"},"modified":"2016-01-05T15:19:30","modified_gmt":"2016-01-05T13:19:30","slug":"kan-testleri-sarin-gazina-maruz-kaldiklari-goruldu","status":"publish","type":"post","link":"https:\/\/archive.sana.sy\/tr\/?p=57064","title":{"rendered":"Kan Testleri Sarin Gaz\u0131na Maruz Kald\u0131klar\u0131 G\u00f6r\u00fcld\u00fc"},"content":{"rendered":"<p>BM \u2013 Uluslararas\u0131 Kimyasal Silahlar\u0131 Yasaklama \u00d6rg\u00fct\u00fcn\u00fcn Suriye&#8217;de ger\u00e7ekleri ara\u015ft\u0131rma komitesi Suriye h\u00fck\u00fcmetinin talebi \u00fczerine bulundu\u011fu bir dizi ara\u015ft\u0131rma ve soru\u015fturma ard\u0131ndan Suriyeli bir k\u0131s\u0131m vatanda\u015flar\u0131n Sarin gaz\u0131 veya benzeri bir kimyasal maddeye maruz kald\u0131klar\u0131n\u0131 belirtti.<\/p>\n<p>Uluslararas\u0131 Kimyasal Silahlar\u0131 Yasaklama \u00d6rg\u00fct\u00fcn\u00fcn ge\u00e7en Aral\u0131k ay\u0131n\u0131n 29\u2019unda BM G\u00fcvenlik Konseyine sundu\u011fu raporunda komite; Suriye Arap Cumhuriyeti h\u00fck\u00fcmetinin zehirli kimyasal maddelerin kullan\u0131ld\u0131\u011f\u0131n\u0131 bildirdi\u011fi 11 olaya ili\u015fkin ara\u015ft\u0131rma ve soru\u015fturma yapt\u0131\u011f\u0131n\u0131 etti. Komite raporunda bu olaylara maruz kalan Suriyelilerin kan testlerinde Sarin gaz\u0131 ya da benzeri kimyasal bir gaza maruz kald\u0131klar\u0131n\u0131n ortaya \u00e7\u0131kt\u0131\u011f\u0131na dikkat \u00e7ekilirken, bunun tam olarak kesinle\u015ftirilmesi i\u00e7in daha fazla testlere ihtiya\u00e7 duyuldu\u011funa i\u015faret etti.<\/p>\n<p>Suriye h\u00fck\u00fcmeti T\u00fcrkiye&#8217;deki rejim ve daha ba\u015fka devletlerin her t\u00fcrl\u00fc deste\u011fi temin ettikleri tekfirci ter\u00f6ristlerin bir\u00e7ok b\u00f6lgede kimyasal silah kulland\u0131klar\u0131n\u0131 bir\u00e7ok kez ifade etmi\u015f, bu konuda BM ve g\u00fcvenlik konseyine belgeler refakatinde resmi mektuplar g\u00f6ndermi\u015fti.<\/p>\n","protected":false},"excerpt":{"rendered":"<p>BM \u2013 Uluslararas\u0131 Kimyasal Silahlar\u0131 Yasaklama \u00d6rg\u00fct\u00fcn\u00fcn Suriye&#8217;de ger\u00e7ekleri ara\u015ft\u0131rma komitesi Suriye h\u00fck\u00fcmetinin talebi \u00fczerine bulundu\u011fu bir dizi ara\u015ft\u0131rma ve soru\u015fturma ard\u0131ndan Suriyeli bir k\u0131s\u0131m vatanda\u015flar\u0131n Sarin gaz\u0131 veya benzeri bir kimyasal maddeye maruz kald\u0131klar\u0131n\u0131 belirtti. Uluslararas\u0131 Kimyasal Silahlar\u0131 Yasaklama \u00d6rg\u00fct\u00fcn\u00fcn ge\u00e7en Aral\u0131k ay\u0131n\u0131n 29\u2019unda BM G\u00fcvenlik Konseyine sundu\u011fu raporunda komite; Suriye Arap Cumhuriyeti h\u00fck\u00fcmetinin &hellip;<\/p>\n","protected":false},"author":1,"featured_media":57067,"comment_status":"closed","ping_status":"closed","sticky":false,"template":"","format":"standard","meta":{"footnotes":""},"categories":[458,459,17988],"tags":[],"class_list":["post-57064","post","type-post","status-publish","format-standard","has-post-thumbnail","","category-dunya1","category-haberler-arap-uluslararasi-politika","category-son-haberler"],"_links":{"self":[{"href":"https:\/\/archive.sana.sy\/tr\/index.php?rest_route=\/wp\/v2\/posts\/57064","targetHints":{"allow":["GET"]}}],"collection":[{"href":"https:\/\/archive.sana.sy\/tr\/index.php?rest_route=\/wp\/v2\/posts"}],"about":[{"href":"https:\/\/archive.sana.sy\/tr\/index.php?rest_route=\/wp\/v2\/types\/post"}],"author":[{"embeddable":true,"href":"https:\/\/archive.sana.sy\/tr\/index.php?rest_route=\/wp\/v2\/users\/1"}],"replies":[{"embeddable":true,"href":"https:\/\/archive.sana.sy\/tr\/index.php?rest_route=%2Fwp%2Fv2%2Fcomments&post=57064"}],"version-history":[{"count":0,"href":"https:\/\/archive.sana.sy\/tr\/index.php?rest_route=\/wp\/v2\/posts\/57064\/revisions"}],"wp:featuredmedia":[{"embeddable":true,"href":"https:\/\/archive.sana.sy\/tr\/index.php?rest_route=\/wp\/v2\/media\/57067"}],"wp:attachment":[{"href":"https:\/\/archive.sana.sy\/tr\/index.php?rest_route=%2Fwp%2Fv2%2Fmedia&parent=57064"}],"wp:term":[{"taxonomy":"category","embeddable":true,"href":"https:\/\/archive.sana.sy\/tr\/index.php?rest_route=%2Fwp%2Fv2%2Fcategories&post=57064"},{"taxonomy":"post_tag","embeddable":true,"href":"https:\/\/archive.sana.sy\/tr\/index.php?rest_route=%2Fwp%2Fv2%2Ftags&post=57064"}],"curies":[{"name":"wp","href":"https:\/\/api.w.org\/{rel}","templated":true}]}}