{"id":57069,"date":"2016-01-05T15:24:58","date_gmt":"2016-01-05T13:24:58","guid":{"rendered":"http:\/\/www.sana.sy\/tr\/?p=57069"},"modified":"2016-01-07T16:26:09","modified_gmt":"2016-01-07T14:26:09","slug":"turkiyeden-sarin-gazi-sagladigi-haberleri-arastirilmalidir","status":"publish","type":"post","link":"https:\/\/archive.sana.sy\/tr\/?p=57069","title":{"rendered":"T\u00fcrkiye&#8217;den Sarin Gaz\u0131 Sa\u011flad\u0131\u011f\u0131 Haberleri Ara\u015ft\u0131r\u0131lmal\u0131d\u0131r"},"content":{"rendered":"<p>MOSKOVA \u2013 Rusya D\u0131\u015fi\u015fleri Bakanl\u0131\u011f\u0131 I\u015e\u0130D \u00d6rg\u00fct\u00fcn\u00fcn Suriye&#8217;de kimyasal silah kulland\u0131\u011f\u0131 ihtimalinin y\u00fcksek oldu\u011funa dikkat \u00e7ekti.<\/p>\n<p>Rus bakanl\u0131k bug\u00fcn yay\u0131nlad\u0131\u011f\u0131 beyanda; I\u015e\u0130D\u2019in T\u00fcrkiye rejiminin destek ve kolayl\u0131klar\u0131yla sarin gaz\u0131 elde etti\u011fini ifade eden rapor ve haberlere vurgu yaparak, bunlar\u0131n do\u011frulu\u011funun ara\u015ft\u0131r\u0131l\u0131p soru\u015fturulmas\u0131 gere\u011finin alt\u0131n\u0131 \u00e7izdi.<\/p>\n","protected":false},"excerpt":{"rendered":"<p>MOSKOVA \u2013 Rusya D\u0131\u015fi\u015fleri Bakanl\u0131\u011f\u0131 I\u015e\u0130D \u00d6rg\u00fct\u00fcn\u00fcn Suriye&#8217;de kimyasal silah kulland\u0131\u011f\u0131 ihtimalinin y\u00fcksek oldu\u011funa dikkat \u00e7ekti. Rus bakanl\u0131k bug\u00fcn yay\u0131nlad\u0131\u011f\u0131 beyanda; I\u015e\u0130D\u2019in T\u00fcrkiye rejiminin destek ve kolayl\u0131klar\u0131yla sarin gaz\u0131 elde etti\u011fini ifade eden rapor ve haberlere vurgu yaparak, bunlar\u0131n do\u011frulu\u011funun ara\u015ft\u0131r\u0131l\u0131p soru\u015fturulmas\u0131 gere\u011finin alt\u0131n\u0131 \u00e7izdi.<\/p>\n","protected":false},"author":1,"featured_media":54857,"comment_status":"closed","ping_status":"closed","sticky":false,"template":"","format":"standard","meta":{"footnotes":""},"categories":[17988,2554,2555],"tags":[2420,9401,2318,18387,16592,18386,14841],"class_list":["post-57069","post","type-post","status-publish","format-standard","has-post-thumbnail","","category-son-haberler","category-suriye-ve-dunya","category-suriye-ve-turkiye","tag-disisleri-bakanligi","tag-erdogan","tag-isid","tag-kimyasal-silah","tag-rusya","tag-sarin-gazi","tag-turkiye-rejimi"],"_links":{"self":[{"href":"https:\/\/archive.sana.sy\/tr\/index.php?rest_route=\/wp\/v2\/posts\/57069","targetHints":{"allow":["GET"]}}],"collection":[{"href":"https:\/\/archive.sana.sy\/tr\/index.php?rest_route=\/wp\/v2\/posts"}],"about":[{"href":"https:\/\/archive.sana.sy\/tr\/index.php?rest_route=\/wp\/v2\/types\/post"}],"author":[{"embeddable":true,"href":"https:\/\/archive.sana.sy\/tr\/index.php?rest_route=\/wp\/v2\/users\/1"}],"replies":[{"embeddable":true,"href":"https:\/\/archive.sana.sy\/tr\/index.php?rest_route=%2Fwp%2Fv2%2Fcomments&post=57069"}],"version-history":[{"count":0,"href":"https:\/\/archive.sana.sy\/tr\/index.php?rest_route=\/wp\/v2\/posts\/57069\/revisions"}],"wp:featuredmedia":[{"embeddable":true,"href":"https:\/\/archive.sana.sy\/tr\/index.php?rest_route=\/wp\/v2\/media\/54857"}],"wp:attachment":[{"href":"https:\/\/archive.sana.sy\/tr\/index.php?rest_route=%2Fwp%2Fv2%2Fmedia&parent=57069"}],"wp:term":[{"taxonomy":"category","embeddable":true,"href":"https:\/\/archive.sana.sy\/tr\/index.php?rest_route=%2Fwp%2Fv2%2Fcategories&post=57069"},{"taxonomy":"post_tag","embeddable":true,"href":"https:\/\/archive.sana.sy\/tr\/index.php?rest_route=%2Fwp%2Fv2%2Ftags&post=57069"}],"curies":[{"name":"wp","href":"https:\/\/api.w.org\/{rel}","templated":true}]}}