{"id":57074,"date":"2016-01-05T16:00:50","date_gmt":"2016-01-05T14:00:50","guid":{"rendered":"http:\/\/www.sana.sy\/tr\/?p=57074"},"modified":"2016-01-06T15:43:53","modified_gmt":"2016-01-06T13:43:53","slug":"dunya-genclik-birligi-suriye-ile-dayanismaya-geldik","status":"publish","type":"post","link":"https:\/\/archive.sana.sy\/tr\/?p=57074","title":{"rendered":"D\u00fcnya Gen\u00e7lik Birli\u011fi: Suriye ile Dayan\u0131\u015fmaya Geldik ( video )"},"content":{"rendered":"<p>\u015eAM \u2013 Devrim Gen\u00e7li\u011fi Birli\u011finin organize etti\u011fi D\u00fcnya Suriye ile Dayan\u0131\u015fma Gen\u00e7lik Forumu bug\u00fcn \u015eam\u2019daki Dama Rose Otelinde Arap ve yabanc\u0131 20 devletten gen\u00e7lik heyetlerinin kat\u0131l\u0131m\u0131yla \u00e7al\u0131\u015fmalar\u0131na ba\u015flad\u0131.<\/p>\n<p>Forumun a\u00e7\u0131l\u0131\u015f oturumunda konu\u015fan Devrim Gen\u00e7li\u011fi Birli\u011fi Ba\u015fkan\u0131 Maen Abbud; Suriye&#8217;nin devlet ve halk olarak kendisini hedef alan plan ve komplolara kar\u015f\u0131 m\u00fccadele yolunu se\u00e7ti\u011fini belirtti. Abbud Suriye&#8217;nin ayn\u0131 zamanda ulusal egemenli\u011fi, ba\u011f\u0131ms\u0131zl\u0131\u011f\u0131, toprak b\u00fct\u00fcnl\u00fc\u011f\u00fc ve onurunu koruma ilkelerine s\u0131ms\u0131k\u0131 tutundu\u011funu, vatan ve halk\u0131n \u00e7\u0131karlar\u0131n\u0131 \u00fcst\u00fcn tutup bu \u00e7\u0131karlar\u0131 korumak i\u00e7in b\u00fcy\u00fck bir \u00f6zveride bulundu\u011funu s\u00f6yledi. Suriye&#8217;de akan kanlar\u0131n d\u00fcnyan\u0131n emperyalist ve hegemonyac\u0131 g\u00fc\u00e7lerini doyurmad\u0131\u011f\u0131na dikkat \u00e7eken Abbud; dolay\u0131s\u0131yla kendiler ve b\u00f6lgedeki i\u015fbirlik\u00e7i piyon rejimlerle birlikte d\u00fcnyan\u0131n her k\u00f6\u015fesinden tekfirci ve kiral\u0131k ter\u00f6ristleri toplay\u0131p Suriye ve halk\u0131na kar\u015f\u0131 sald\u0131klar\u0131n\u0131 s\u00f6yledi.<\/p>\n<p>Abbud Suriye&#8217;yi toprak ve halk olarak korumada \u015fan ve onur destanlar\u0131 yazan Suriye ordusunun ter\u00f6re kar\u015f\u0131 zaferlerine \u0131\u015f\u0131k tutarken, emperyalist ve s\u00f6m\u00fcr\u00fcc\u00fc g\u00fc\u00e7lerin komplo ve planlar\u0131n\u0131 irdeleyen Suriye halk\u0131n\u0131n ulusal bilin\u00e7 ve duyarl\u0131l\u0131\u011f\u0131na vurgu yapt\u0131.<\/p>\n<p>D\u00fcnyada Suriye&#8217;ye ger\u00e7ek dost olan devlet ve insanlar\u0131n tutumlar\u0131n\u0131n takdire \u015fayan oldu\u011funu belirten Abbud; hak sesinin duyurulmas\u0131, ger\u00e7eklerin de\u015fifre edilmesi ve zulme kar\u015f\u0131 m\u00fccadele g\u00fcc\u00fcn\u00fcn peki\u015ftirilmesinde dostlar\u0131n gayet \u00f6nemli bir rol oynad\u0131\u011f\u0131n\u0131 ifade etti.<\/p>\n<p>D\u00fcnya Anti Emperyalist Gen\u00e7lik Birli\u011fi Ba\u015fkan\u0131 Elif \u0130lhamo\u011flu ise konu\u015fmas\u0131nda Suriye ile dayan\u0131\u015fmaya, maruz kald\u0131\u011f\u0131 evrensel emperyalist sald\u0131r\u0131ya kar\u015f\u0131 Suriye&#8217;yi desteklediklerini ifade etmeye geldiklerini belirtti. \u0130lhamo\u011flu forumun sonunda t\u00fcm d\u00fcnyada gen\u00e7lik \u00f6rg\u00fctleri ve birliklerinin fitne, ter\u00f6r, radikallik ve b\u00f6l\u00fcc\u00fcl\u00fc\u011fe kar\u015f\u0131 \u00e7abalar\u0131n\u0131 birle\u015ftirecek \u00f6neri ve d\u00fc\u015f\u00fcncelerin netle\u015ftirilmesi umudunu ifade etti.<\/p>\n<p>Devrim Gen\u00e7li\u011fi Birli\u011finin iki g\u00fcn s\u00fcreyle d\u00fczenledi\u011fi foruma L\u00fcbnan, Irak, Yemen, Filistin, Cezayir, M\u0131s\u0131r, Sudan, Demokratik Kore, T\u00fcrkiye, Almanya, Hollanda, \u0130rlanda, Libya, \u00dcrd\u00fcn, Komor Adalar\u0131 ve daha ba\u015fka 20 devletten gen\u00e7lik heyetleri kat\u0131l\u0131yor. Forum program\u0131 kapsam\u0131nda konuk gen\u00e7lik heyetleri \u015eam\u2019daki Emeviler Camii, Antakya ve T\u00fcm Do\u011fu Rum Ortodokslar Patrikli\u011fi, Me\u00e7hul Asker An\u0131t\u0131 ve \u015eehit K\u0131zlar\u0131 Okuluna saha gezilerinde bulunacaklar.<\/p>\n<div id='gallery-1' class='gallery galleryid-57074 gallery-columns-3 gallery-size-thumbnail'><figure class='gallery-item'>\n\t\t\t<div class='gallery-icon landscape'>\n\t\t\t\t<a href='https:\/\/archive.sana.sy\/tr\/wp-content\/uploads\/2016\/01\/0-19.jpg'><img loading=\"lazy\" decoding=\"async\" width=\"150\" height=\"92\" src=\"https:\/\/archive.sana.sy\/tr\/wp-content\/uploads\/2016\/01\/0-19-150x92.jpg\" class=\"attachment-thumbnail size-thumbnail\" alt=\"\" srcset=\"https:\/\/archive.sana.sy\/tr\/wp-content\/uploads\/2016\/01\/0-19-150x92.jpg 150w, https:\/\/archive.sana.sy\/tr\/wp-content\/uploads\/2016\/01\/0-19-300x184.jpg 300w, https:\/\/archive.sana.sy\/tr\/wp-content\/uploads\/2016\/01\/0-19-768x471.jpg 768w, https:\/\/archive.sana.sy\/tr\/wp-content\/uploads\/2016\/01\/0-19-1024x628.jpg 1024w\" sizes=\"auto, (max-width: 150px) 100vw, 150px\" \/><\/a>\n\t\t\t<\/div><\/figure><figure class='gallery-item'>\n\t\t\t<div class='gallery-icon landscape'>\n\t\t\t\t<a href='https:\/\/archive.sana.sy\/tr\/wp-content\/uploads\/2016\/01\/1-9.jpg'><img loading=\"lazy\" decoding=\"async\" width=\"150\" height=\"112\" src=\"https:\/\/archive.sana.sy\/tr\/wp-content\/uploads\/2016\/01\/1-9-150x112.jpg\" class=\"attachment-thumbnail size-thumbnail\" alt=\"\" srcset=\"https:\/\/archive.sana.sy\/tr\/wp-content\/uploads\/2016\/01\/1-9-150x112.jpg 150w, https:\/\/archive.sana.sy\/tr\/wp-content\/uploads\/2016\/01\/1-9-300x224.jpg 300w, https:\/\/archive.sana.sy\/tr\/wp-content\/uploads\/2016\/01\/1-9-768x574.jpg 768w, https:\/\/archive.sana.sy\/tr\/wp-content\/uploads\/2016\/01\/1-9-1024x765.jpg 1024w\" sizes=\"auto, (max-width: 150px) 100vw, 150px\" \/><\/a>\n\t\t\t<\/div><\/figure><figure class='gallery-item'>\n\t\t\t<div class='gallery-icon landscape'>\n\t\t\t\t<a href='https:\/\/archive.sana.sy\/tr\/wp-content\/uploads\/2016\/01\/2-4.jpg'><img loading=\"lazy\" decoding=\"async\" width=\"150\" height=\"100\" src=\"https:\/\/archive.sana.sy\/tr\/wp-content\/uploads\/2016\/01\/2-4-150x100.jpg\" class=\"attachment-thumbnail size-thumbnail\" alt=\"\" srcset=\"https:\/\/archive.sana.sy\/tr\/wp-content\/uploads\/2016\/01\/2-4-150x100.jpg 150w, https:\/\/archive.sana.sy\/tr\/wp-content\/uploads\/2016\/01\/2-4-300x200.jpg 300w, https:\/\/archive.sana.sy\/tr\/wp-content\/uploads\/2016\/01\/2-4-768x511.jpg 768w, https:\/\/archive.sana.sy\/tr\/wp-content\/uploads\/2016\/01\/2-4-1024x681.jpg 1024w, https:\/\/archive.sana.sy\/tr\/wp-content\/uploads\/2016\/01\/2-4-310x205.jpg 310w\" sizes=\"auto, (max-width: 150px) 100vw, 150px\" \/><\/a>\n\t\t\t<\/div><\/figure><figure class='gallery-item'>\n\t\t\t<div class='gallery-icon landscape'>\n\t\t\t\t<a href='https:\/\/archive.sana.sy\/tr\/wp-content\/uploads\/2016\/01\/3-4.jpg'><img loading=\"lazy\" decoding=\"async\" width=\"150\" height=\"94\" src=\"https:\/\/archive.sana.sy\/tr\/wp-content\/uploads\/2016\/01\/3-4-150x94.jpg\" class=\"attachment-thumbnail size-thumbnail\" alt=\"\" srcset=\"https:\/\/archive.sana.sy\/tr\/wp-content\/uploads\/2016\/01\/3-4-150x94.jpg 150w, https:\/\/archive.sana.sy\/tr\/wp-content\/uploads\/2016\/01\/3-4-300x188.jpg 300w, https:\/\/archive.sana.sy\/tr\/wp-content\/uploads\/2016\/01\/3-4-768x481.jpg 768w, https:\/\/archive.sana.sy\/tr\/wp-content\/uploads\/2016\/01\/3-4-1024x641.jpg 1024w\" sizes=\"auto, (max-width: 150px) 100vw, 150px\" \/><\/a>\n\t\t\t<\/div><\/figure><figure class='gallery-item'>\n\t\t\t<div class='gallery-icon landscape'>\n\t\t\t\t<a href='https:\/\/archive.sana.sy\/tr\/wp-content\/uploads\/2016\/01\/4-3.jpg'><img loading=\"lazy\" decoding=\"async\" width=\"150\" height=\"114\" src=\"https:\/\/archive.sana.sy\/tr\/wp-content\/uploads\/2016\/01\/4-3-150x114.jpg\" class=\"attachment-thumbnail size-thumbnail\" alt=\"\" srcset=\"https:\/\/archive.sana.sy\/tr\/wp-content\/uploads\/2016\/01\/4-3-150x114.jpg 150w, https:\/\/archive.sana.sy\/tr\/wp-content\/uploads\/2016\/01\/4-3-300x229.jpg 300w, https:\/\/archive.sana.sy\/tr\/wp-content\/uploads\/2016\/01\/4-3-768x585.jpg 768w, https:\/\/archive.sana.sy\/tr\/wp-content\/uploads\/2016\/01\/4-3-1024x780.jpg 1024w\" sizes=\"auto, (max-width: 150px) 100vw, 150px\" \/><\/a>\n\t\t\t<\/div><\/figure><figure class='gallery-item'>\n\t\t\t<div class='gallery-icon landscape'>\n\t\t\t\t<a href='https:\/\/archive.sana.sy\/tr\/wp-content\/uploads\/2016\/01\/5-3.jpg'><img loading=\"lazy\" decoding=\"async\" width=\"150\" height=\"90\" src=\"https:\/\/archive.sana.sy\/tr\/wp-content\/uploads\/2016\/01\/5-3-150x90.jpg\" class=\"attachment-thumbnail size-thumbnail\" alt=\"\" srcset=\"https:\/\/archive.sana.sy\/tr\/wp-content\/uploads\/2016\/01\/5-3-150x90.jpg 150w, https:\/\/archive.sana.sy\/tr\/wp-content\/uploads\/2016\/01\/5-3-300x180.jpg 300w, https:\/\/archive.sana.sy\/tr\/wp-content\/uploads\/2016\/01\/5-3-768x462.jpg 768w, https:\/\/archive.sana.sy\/tr\/wp-content\/uploads\/2016\/01\/5-3-1024x616.jpg 1024w\" sizes=\"auto, (max-width: 150px) 100vw, 150px\" \/><\/a>\n\t\t\t<\/div><\/figure>\n\t\t<\/div>\n\n<p>https:\/\/www.youtube.com\/watch?v=r_ib7OXoW48<\/p>\n<p>https:\/\/www.youtube.com\/watch?v=c4kh_04zAXY<\/p>\n<p>R.H.<\/p>\n<p>&nbsp;<\/p>\n","protected":false},"excerpt":{"rendered":"<p>\u015eAM \u2013 Devrim Gen\u00e7li\u011fi Birli\u011finin organize etti\u011fi D\u00fcnya Suriye ile Dayan\u0131\u015fma Gen\u00e7lik Forumu bug\u00fcn \u015eam\u2019daki Dama Rose Otelinde Arap ve yabanc\u0131 20 devletten gen\u00e7lik heyetlerinin kat\u0131l\u0131m\u0131yla \u00e7al\u0131\u015fmalar\u0131na ba\u015flad\u0131. Forumun a\u00e7\u0131l\u0131\u015f oturumunda konu\u015fan Devrim Gen\u00e7li\u011fi Birli\u011fi Ba\u015fkan\u0131 Maen Abbud; Suriye&#8217;nin devlet ve halk olarak kendisini hedef alan plan ve komplolara kar\u015f\u0131 m\u00fccadele yolunu se\u00e7ti\u011fini belirtti. Abbud &hellip;<\/p>\n","protected":false},"author":1,"featured_media":57085,"comment_status":"closed","ping_status":"closed","sticky":false,"template":"","format":"standard","meta":{"footnotes":""},"categories":[596,479,17988,2554,2555,478],"tags":[16872,18388,18389],"class_list":["post-57074","post","type-post","status-publish","format-standard","has-post-thumbnail","","category-fotografli-raporlar","category-haberler-yerel","category-son-haberler","category-suriye-ve-dunya","category-suriye-ve-turkiye","category-yerel","tag-devrim-gencligi-birligi","tag-dunya-genclik-birligi-suriye-ile-dayanismaya-geldik","tag-maen-abbud"],"_links":{"self":[{"href":"https:\/\/archive.sana.sy\/tr\/index.php?rest_route=\/wp\/v2\/posts\/57074","targetHints":{"allow":["GET"]}}],"collection":[{"href":"https:\/\/archive.sana.sy\/tr\/index.php?rest_route=\/wp\/v2\/posts"}],"about":[{"href":"https:\/\/archive.sana.sy\/tr\/index.php?rest_route=\/wp\/v2\/types\/post"}],"author":[{"embeddable":true,"href":"https:\/\/archive.sana.sy\/tr\/index.php?rest_route=\/wp\/v2\/users\/1"}],"replies":[{"embeddable":true,"href":"https:\/\/archive.sana.sy\/tr\/index.php?rest_route=%2Fwp%2Fv2%2Fcomments&post=57074"}],"version-history":[{"count":0,"href":"https:\/\/archive.sana.sy\/tr\/index.php?rest_route=\/wp\/v2\/posts\/57074\/revisions"}],"wp:featuredmedia":[{"embeddable":true,"href":"https:\/\/archive.sana.sy\/tr\/index.php?rest_route=\/wp\/v2\/media\/57085"}],"wp:attachment":[{"href":"https:\/\/archive.sana.sy\/tr\/index.php?rest_route=%2Fwp%2Fv2%2Fmedia&parent=57074"}],"wp:term":[{"taxonomy":"category","embeddable":true,"href":"https:\/\/archive.sana.sy\/tr\/index.php?rest_route=%2Fwp%2Fv2%2Fcategories&post=57074"},{"taxonomy":"post_tag","embeddable":true,"href":"https:\/\/archive.sana.sy\/tr\/index.php?rest_route=%2Fwp%2Fv2%2Ftags&post=57074"}],"curies":[{"name":"wp","href":"https:\/\/api.w.org\/{rel}","templated":true}]}}