{"id":57087,"date":"2016-01-05T17:40:41","date_gmt":"2016-01-05T15:40:41","guid":{"rendered":"http:\/\/www.sana.sy\/tr\/?p=57087"},"modified":"2016-01-06T16:06:25","modified_gmt":"2016-01-06T14:06:25","slug":"vatan-topraklarinda-teror-ve-destekcilerinin-tek-sonu-hezimettir-11","status":"publish","type":"post","link":"https:\/\/archive.sana.sy\/tr\/?p=57087","title":{"rendered":"Vatan Topraklar\u0131nda Ter\u00f6r ve Destek\u00e7ilerinin Tek Sonu Hezimettir"},"content":{"rendered":"<p>\u0130LLER \u2013 Vatan topraklar\u0131n\u0131n muhtelif b\u00f6lgelerinde \u015fan ve onur destanlar\u0131 yazmaya devam eden ordu birliklerimiz \u00e7ok say\u0131da ter\u00f6risti \u00f6l\u00fc yaral\u0131 olarak ele ge\u00e7irirken, \u00e7ok say\u0131da yuva ve kararg\u00e2hlar\u0131n\u0131n yan\u0131 s\u0131ra cephaneliklerini muhtevalar\u0131yla tahrip etti.<\/p>\n<p><span style=\"color: #0000ff\">HAMA:<\/span><\/p>\n<p>SANA muhabirine a\u00e7\u0131klama yapan askeri bir kaynak; top\u00e7u birliklerimizden destek alan vatan koruyucular\u0131m\u0131z\u0131n halk savunma g\u00fc\u00e7leriyle i\u015fbirli\u011fi i\u00e7inde Hama Kentinin yakla\u015f\u0131k 55 km do\u011fusuna d\u00fc\u015fen el Mebuca K\u00f6y\u00fcne sald\u0131rmaya \u00e7al\u0131\u015fan I\u015e\u0130D tekfircilerine kar\u015f\u0131 koyduklar\u0131n\u0131 belirtti.<\/p>\n<p>Kaynak g\u00fcn\u00fcn erken saatlerinde k\u00f6y kenarlar\u0131nda ya\u015fanan \u015fiddetli \u00e7at\u0131\u015fmalarda tekfircilerin say\u0131 ve ara\u00e7lar\u0131yla a\u011f\u0131r kay\u0131plarla geri p\u00fcsk\u00fcrt\u00fcld\u00fcklerini ifade ederken, silahlar\u0131n\u0131 arakalar\u0131nda b\u0131rak\u0131p ka\u00e7an tekfircileri kovalama operasyonunun ba\u015flat\u0131ld\u0131\u011f\u0131n\u0131 s\u00f6yledi.<\/p>\n<p>I\u015e\u0130D \u00e7eteleri ge\u00e7en Mart ay\u0131nda s\u00f6z konusu k\u00f6y ahalisine kar\u015f\u0131 vah\u015fi bir katliamda bulunmu\u015f, bu katliamda 50\u2019den fazla masum sivil insan kurban gitmi\u015fti.<\/p>\n<p><span style=\"color: #0000ff\">KUNAYTRA:<\/span><\/p>\n<p>Bu arada Kunaytra k\u0131rsal\u0131nda \u0130srail destekli Nusra Cephesi ve \u00e7at\u0131s\u0131 alt\u0131ndaki tekfirci ter\u00f6ristlere y\u00f6nelik operasyonlar\u0131n\u0131 s\u00fcrd\u00fcren ordu birliklerimizden bir kaynak; top\u00e7u birliklerimizin elde ettikleri dakik bilgiler \u00fczerine kurtar\u0131lm\u0131\u015f Kunaytra kentinin kenarlar\u0131nda tekfirci \u00e7elerin mevki ve karargahlar\u0131n\u0131 yo\u011fun ate\u015fe tuttuklar\u0131n\u0131 belirtti. Kaynak operasyonda bir z\u0131rhl\u0131 arac\u0131n bir\u00e7ok ter\u00f6ristle birlikte etkisiz hale getirildiklerini ifade etti.<\/p>\n<p><span style=\"color: #0000ff\">DERA:<\/span><\/p>\n<p>Ordu birliklerimiz Dera k\u0131rsal\u0131nda \u0130srail destekli Nusra Cephesi ve \u015femsiyesi alt\u0131ndaki di\u011fer tekfirci ter\u00f6r \u00f6rg\u00fctlere y\u00f6nelik operasyonlar\u0131n\u0131 ba\u015far\u0131yla s\u00fcrd\u00fcr\u00fcrken, saha kaynaklar\u0131 Dera Kentinin 22 km kuzeyine d\u00fc\u015fen \u015eeyh Meskin Kentinde \u2018M\u00fcsenna \u0130slami Hareketi\u2019 tekfircilerinden aralar\u0131nda \u2018Ebu Bekir el M\u00fchacir\u2019 lakab\u0131yla bilinen tekfirci saha komutan\u0131n\u0131n yan\u0131 s\u0131ra \u00dcrd\u00fcnl\u00fc tekfircilerin bulundu\u011fu 14 ter\u00f6ristin \u00f6ld\u00fc\u011f\u00fcn\u00fc belirtti. Kaynaklar beldeye geri sald\u0131r\u0131da bulunan ter\u00f6ristlerle ya\u015fanan \u00e7at\u0131\u015fmada ayr\u0131ca a\u011f\u0131r silahlarla donat\u0131lm\u0131\u015f 2 arac\u0131n da imha edildi\u011fini s\u00f6zlerine ekledi.<\/p>\n<p>M\u00fcsenna \u0130slami Hareketi \u00dcrd\u00fcn s\u0131n\u0131rlar\u0131ndan giren \u00e7ok say\u0131da Arap ve yabanc\u0131 tekfirciyi saflar\u0131nda bar\u0131nd\u0131rmas\u0131yla Suudi rejimi taraf\u0131ndan finanse edilen tekfirci bir ter\u00f6r hareketidir.<\/p>\n","protected":false},"excerpt":{"rendered":"<p>\u0130LLER \u2013 Vatan topraklar\u0131n\u0131n muhtelif b\u00f6lgelerinde \u015fan ve onur destanlar\u0131 yazmaya devam eden ordu birliklerimiz \u00e7ok say\u0131da ter\u00f6risti \u00f6l\u00fc yaral\u0131 olarak ele ge\u00e7irirken, \u00e7ok say\u0131da yuva ve kararg\u00e2hlar\u0131n\u0131n yan\u0131 s\u0131ra cephaneliklerini muhtevalar\u0131yla tahrip etti. HAMA: SANA muhabirine a\u00e7\u0131klama yapan askeri bir kaynak; top\u00e7u birliklerimizden destek alan vatan koruyucular\u0131m\u0131z\u0131n halk savunma g\u00fc\u00e7leriyle i\u015fbirli\u011fi i\u00e7inde Hama Kentinin &hellip;<\/p>\n","protected":false},"author":1,"featured_media":57088,"comment_status":"closed","ping_status":"closed","sticky":false,"template":"","format":"standard","meta":{"footnotes":""},"categories":[575],"tags":[769],"class_list":["post-57087","post","type-post","status-publish","format-standard","has-post-thumbnail","","category-olaylar-ve-gercekler","tag-vatan-topraklarinda-teror-ve-destekcilerinin-tek-sonu-hezimettir"],"_links":{"self":[{"href":"https:\/\/archive.sana.sy\/tr\/index.php?rest_route=\/wp\/v2\/posts\/57087","targetHints":{"allow":["GET"]}}],"collection":[{"href":"https:\/\/archive.sana.sy\/tr\/index.php?rest_route=\/wp\/v2\/posts"}],"about":[{"href":"https:\/\/archive.sana.sy\/tr\/index.php?rest_route=\/wp\/v2\/types\/post"}],"author":[{"embeddable":true,"href":"https:\/\/archive.sana.sy\/tr\/index.php?rest_route=\/wp\/v2\/users\/1"}],"replies":[{"embeddable":true,"href":"https:\/\/archive.sana.sy\/tr\/index.php?rest_route=%2Fwp%2Fv2%2Fcomments&post=57087"}],"version-history":[{"count":0,"href":"https:\/\/archive.sana.sy\/tr\/index.php?rest_route=\/wp\/v2\/posts\/57087\/revisions"}],"wp:featuredmedia":[{"embeddable":true,"href":"https:\/\/archive.sana.sy\/tr\/index.php?rest_route=\/wp\/v2\/media\/57088"}],"wp:attachment":[{"href":"https:\/\/archive.sana.sy\/tr\/index.php?rest_route=%2Fwp%2Fv2%2Fmedia&parent=57087"}],"wp:term":[{"taxonomy":"category","embeddable":true,"href":"https:\/\/archive.sana.sy\/tr\/index.php?rest_route=%2Fwp%2Fv2%2Fcategories&post=57087"},{"taxonomy":"post_tag","embeddable":true,"href":"https:\/\/archive.sana.sy\/tr\/index.php?rest_route=%2Fwp%2Fv2%2Ftags&post=57087"}],"curies":[{"name":"wp","href":"https:\/\/api.w.org\/{rel}","templated":true}]}}