{"id":5710,"date":"2014-07-23T10:40:11","date_gmt":"2014-07-23T07:40:11","guid":{"rendered":"http:\/\/www.sana.sy\/tr\/?p=5710"},"modified":"2014-07-23T10:57:04","modified_gmt":"2014-07-23T07:57:04","slug":"suriye-ve-irakta-ki-hiristiyanlar-hakkinda-teroristlerin-isledigi-suclari-kinadi","status":"publish","type":"post","link":"https:\/\/archive.sana.sy\/tr\/?p=5710","title":{"rendered":"Suriye ve Irak\u2019ta ki H\u0131ristiyanlar Hakk\u0131nda Ter\u00f6ristlerin \u0130\u015fledi\u011fi Su\u00e7lar\u0131 K\u0131nad\u0131"},"content":{"rendered":"<p>KUD\u00dcS \u2013 Rum Ortodoks Sebastia Piskoposlar\u0131 Ba\u015fkan\u0131 Piskopos Ataullah Hanna, Kaide\u2019ye ba\u011fl\u0131 s\u00f6zde \u201cIrak ve \u015eam Devleti adl\u0131 \u00f6rg\u00fct\u00fcn Suriye ve Irak\u2019taki H\u0131ristiyanlar hakk\u0131nda i\u015fledi\u011fi su\u00e7lar\u0131 sert bir dille k\u0131nad\u0131.<\/p>\n<p>Piskopos Hanna d\u00fcn verdi\u011fi demecinde, H\u0131ristiyanlar\u0131n s\u00f6z konusu \u00f6rg\u00fct elemanlar\u0131 taraf\u0131ndan hedef al\u0131nmas\u0131n\u0131n Suriye ve Irak\u2019ta i\u015fledikleri su\u00e7lar\u0131na bir yenisini ekledi\u011fine dini ve insani b\u00fct\u00fcn ilklerle ba\u011fda\u015fmad\u0131\u011f\u0131na dikkat \u00e7ekti.<\/p>\n<p>Piskopos Hanna, Musul ve di\u011fer kentlerdeki H\u0131ristiyanlar\u0131n Irak Arap kimliklerine ba\u011fl\u0131l\u0131kla as\u0131l sakinlerden olduklar\u0131na dikkat \u00e7ekerek, ba\u015fta ter\u00f6r nedeniyle evlerinden g\u00f6\u00e7 etmek zorunda kalan H\u0131ristiyan aileler olmak \u00fczere b\u00fct\u00fcn Irakl\u0131 ailelerle olan dayan\u0131\u015fmas\u0131n\u0131 vurgulad\u0131.<\/p>\n<p>Hanna, Ba\u015fta Musul\u2019da olmak \u00fczere Irak\u2019ta meydana gelenlerin uygarl\u0131k ve Irak Arap kimli\u011fini y\u0131kmak oldu\u011funu belirterek, radikalci ter\u00f6ristlerin \u0130srail varl\u0131\u011f\u0131n\u0131n Filistin Davas\u0131n\u0131 tasfiye etmeye \u00e7al\u0131\u015ft\u0131\u011f\u0131 bir zamanda Arap Vatan\u0131n\u0131 y\u0131kmaya \u00e7al\u0131\u015ft\u0131klar\u0131na dikkat \u00e7ekti.<\/p>\n","protected":false},"excerpt":{"rendered":"<p>KUD\u00dcS \u2013 Rum Ortodoks Sebastia Piskoposlar\u0131 Ba\u015fkan\u0131 Piskopos Ataullah Hanna, Kaide\u2019ye ba\u011fl\u0131 s\u00f6zde \u201cIrak ve \u015eam Devleti adl\u0131 \u00f6rg\u00fct\u00fcn Suriye ve Irak\u2019taki H\u0131ristiyanlar hakk\u0131nda i\u015fledi\u011fi su\u00e7lar\u0131 sert bir dille k\u0131nad\u0131. Piskopos Hanna d\u00fcn verdi\u011fi demecinde, H\u0131ristiyanlar\u0131n s\u00f6z konusu \u00f6rg\u00fct elemanlar\u0131 taraf\u0131ndan hedef al\u0131nmas\u0131n\u0131n Suriye ve Irak\u2019ta i\u015fledikleri su\u00e7lar\u0131na bir yenisini ekledi\u011fine dini ve insani b\u00fct\u00fcn &hellip;<\/p>\n","protected":false},"author":1,"featured_media":5714,"comment_status":"closed","ping_status":"closed","sticky":false,"template":"","format":"standard","meta":{"footnotes":""},"categories":[458,459,584],"tags":[1246],"class_list":["post-5710","post","type-post","status-publish","format-standard","has-post-thumbnail","","category-dunya1","category-haberler-arap-uluslararasi-politika","category-yurtdisinda-sana-ofisleri","tag-suriye-ve-irakta-ki-hiristiyanlar-hakkinda-teroristlerin-isledigi-suclari-kinadi"],"_links":{"self":[{"href":"https:\/\/archive.sana.sy\/tr\/index.php?rest_route=\/wp\/v2\/posts\/5710","targetHints":{"allow":["GET"]}}],"collection":[{"href":"https:\/\/archive.sana.sy\/tr\/index.php?rest_route=\/wp\/v2\/posts"}],"about":[{"href":"https:\/\/archive.sana.sy\/tr\/index.php?rest_route=\/wp\/v2\/types\/post"}],"author":[{"embeddable":true,"href":"https:\/\/archive.sana.sy\/tr\/index.php?rest_route=\/wp\/v2\/users\/1"}],"replies":[{"embeddable":true,"href":"https:\/\/archive.sana.sy\/tr\/index.php?rest_route=%2Fwp%2Fv2%2Fcomments&post=5710"}],"version-history":[{"count":0,"href":"https:\/\/archive.sana.sy\/tr\/index.php?rest_route=\/wp\/v2\/posts\/5710\/revisions"}],"wp:featuredmedia":[{"embeddable":true,"href":"https:\/\/archive.sana.sy\/tr\/index.php?rest_route=\/wp\/v2\/media\/5714"}],"wp:attachment":[{"href":"https:\/\/archive.sana.sy\/tr\/index.php?rest_route=%2Fwp%2Fv2%2Fmedia&parent=5710"}],"wp:term":[{"taxonomy":"category","embeddable":true,"href":"https:\/\/archive.sana.sy\/tr\/index.php?rest_route=%2Fwp%2Fv2%2Fcategories&post=5710"},{"taxonomy":"post_tag","embeddable":true,"href":"https:\/\/archive.sana.sy\/tr\/index.php?rest_route=%2Fwp%2Fv2%2Ftags&post=5710"}],"curies":[{"name":"wp","href":"https:\/\/api.w.org\/{rel}","templated":true}]}}