{"id":57102,"date":"2016-01-06T08:20:31","date_gmt":"2016-01-06T06:20:31","guid":{"rendered":"http:\/\/www.sana.sy\/tr\/?p=57102"},"modified":"2016-01-06T08:52:04","modified_gmt":"2016-01-06T06:52:04","slug":"suudi-rejimi-suriye-konulu-cenevre-gorusmelerini-engellemeyecekmis","status":"publish","type":"post","link":"https:\/\/archive.sana.sy\/tr\/?p=57102","title":{"rendered":"Suudi Rejimi Suriye Konulu Cenevre G\u00f6r\u00fc\u015fmelerini Engellemeyecekmi\u015f"},"content":{"rendered":"<p>CENEVRE \u2013 Birle\u015fmi\u015f Milletler genel sekreterinin Suriye \u00f6zel temsilcisi Staffan de Mistura Vahhabi Suudi rejiminin kendisine; \u0130ran ile diplomatik ili\u015fkilerini kesmesinin, bu ay Cenevre&#8217;de yap\u0131lmas\u0131 beklenen ve Suriye&#8217;deki krize siyasi \u00e7\u00f6z\u00fcm\u00fc ama\u00e7layan g\u00f6r\u00fc\u015fmeleri engellemeyece\u011fini belirtti\u011fini ifade etti.<\/p>\n<p>De Mistura Riyad\u2019ta Suudi rejiminin D\u0131\u015fi\u015fleri Bakan\u0131 Adil el Cubeyr ve Riyad toplant\u0131s\u0131na kat\u0131lan \u2018Suriyeli muhalefet \u015fahsiyetlerle\u2018 bulundu\u011fu temaslar\u0131n ard\u0131ndan yay\u0131nlad\u0131\u011f\u0131 beyanda; \u0130ran ile Suudi Arabistan aras\u0131ndaki diplomatik gerginlik g\u00f6lgesinde Suudi rejiminin b\u00f6lgesel gerginli\u011fin, Suriye konulu uluslar aras\u0131 siyasi \u00e7\u00f6z\u00fcm \u00e7abalar\u0131n\u0131 olumsuz etkilememe \u00f6zeninde oldu\u011funu\u2019 \u00f6ne s\u00fcrd\u00fc.<\/p>\n<p>De Mistura; \u201cb\u00f6lgede ya\u015fananlara ra\u011fmen bu g\u00fcc\u00fc kaybetmenin sonu\u00e7lar\u0131na katlanmam\u0131z m\u00fcmk\u00fcn de\u011fildir\u201d ifadesini kulland\u0131.<\/p>\n<p>Bu arada BM\u2019de diplomatik bir kaynak de Mistura\u2019n\u0131n \u00f6n\u00fcm\u00fczdeki Cumartesi g\u00fcn\u00fc Ba\u015fbakan Yard\u0131mc\u0131s\u0131 D\u0131\u015fi\u015fleri ve Gurbet\u00e7iler Bakan\u0131 Velid el Muallim ile bir araya gelece\u011fini ilan etmi\u015fti.<\/p>\n<p>R.H.<\/p>\n","protected":false},"excerpt":{"rendered":"<p>CENEVRE \u2013 Birle\u015fmi\u015f Milletler genel sekreterinin Suriye \u00f6zel temsilcisi Staffan de Mistura Vahhabi Suudi rejiminin kendisine; \u0130ran ile diplomatik ili\u015fkilerini kesmesinin, bu ay Cenevre&#8217;de yap\u0131lmas\u0131 beklenen ve Suriye&#8217;deki krize siyasi \u00e7\u00f6z\u00fcm\u00fc ama\u00e7layan g\u00f6r\u00fc\u015fmeleri engellemeyece\u011fini belirtti\u011fini ifade etti. De Mistura Riyad\u2019ta Suudi rejiminin D\u0131\u015fi\u015fleri Bakan\u0131 Adil el Cubeyr ve Riyad toplant\u0131s\u0131na kat\u0131lan \u2018Suriyeli muhalefet \u015fahsiyetlerle\u2018 bulundu\u011fu &hellip;<\/p>\n","protected":false},"author":1,"featured_media":57103,"comment_status":"closed","ping_status":"closed","sticky":false,"template":"","format":"standard","meta":{"footnotes":""},"categories":[458,459,17988],"tags":[18392],"class_list":["post-57102","post","type-post","status-publish","format-standard","has-post-thumbnail","","category-dunya1","category-haberler-arap-uluslararasi-politika","category-son-haberler","tag-suudi-rejimi-suriye-konulu-cenevre-gorusmelerini-engellemeyecekmis"],"_links":{"self":[{"href":"https:\/\/archive.sana.sy\/tr\/index.php?rest_route=\/wp\/v2\/posts\/57102","targetHints":{"allow":["GET"]}}],"collection":[{"href":"https:\/\/archive.sana.sy\/tr\/index.php?rest_route=\/wp\/v2\/posts"}],"about":[{"href":"https:\/\/archive.sana.sy\/tr\/index.php?rest_route=\/wp\/v2\/types\/post"}],"author":[{"embeddable":true,"href":"https:\/\/archive.sana.sy\/tr\/index.php?rest_route=\/wp\/v2\/users\/1"}],"replies":[{"embeddable":true,"href":"https:\/\/archive.sana.sy\/tr\/index.php?rest_route=%2Fwp%2Fv2%2Fcomments&post=57102"}],"version-history":[{"count":0,"href":"https:\/\/archive.sana.sy\/tr\/index.php?rest_route=\/wp\/v2\/posts\/57102\/revisions"}],"wp:featuredmedia":[{"embeddable":true,"href":"https:\/\/archive.sana.sy\/tr\/index.php?rest_route=\/wp\/v2\/media\/57103"}],"wp:attachment":[{"href":"https:\/\/archive.sana.sy\/tr\/index.php?rest_route=%2Fwp%2Fv2%2Fmedia&parent=57102"}],"wp:term":[{"taxonomy":"category","embeddable":true,"href":"https:\/\/archive.sana.sy\/tr\/index.php?rest_route=%2Fwp%2Fv2%2Fcategories&post=57102"},{"taxonomy":"post_tag","embeddable":true,"href":"https:\/\/archive.sana.sy\/tr\/index.php?rest_route=%2Fwp%2Fv2%2Ftags&post=57102"}],"curies":[{"name":"wp","href":"https:\/\/api.w.org\/{rel}","templated":true}]}}