{"id":57105,"date":"2016-01-06T08:30:32","date_gmt":"2016-01-06T06:30:32","guid":{"rendered":"http:\/\/www.sana.sy\/tr\/?p=57105"},"modified":"2016-01-06T08:53:37","modified_gmt":"2016-01-06T06:53:37","slug":"kimyasal-silahlarin-tamami-yok-edildi","status":"publish","type":"post","link":"https:\/\/archive.sana.sy\/tr\/?p=57105","title":{"rendered":"Kimyasal Silahlar\u0131n Tamam\u0131 Yok Edildi"},"content":{"rendered":"<p>LAHEY \u2013 BM\u2019ye tabi Uluslararas\u0131 Kimyasal Silahlar\u0131 Yasaklama \u00d6rg\u00fct\u00fc Suriye&#8217;deki kimyasal silahlar\u0131n tamam\u0131yla yok edildi\u011fini ilan etti.<\/p>\n<p>Suriye&#8217;de kimyasal silahlar\u0131n yok edilmesini g\u00f6zetlemekle y\u00fck\u00fcml\u00fc \u00f6rg\u00fct\u00fcn s\u00f6zc\u00fcs\u00fc Malik \u0130lahi Frans Press Ajans\u0131n\u0131n aktard\u0131\u011f\u0131 a\u00e7\u0131klamalar\u0131nda; Suriye&#8217;deki kimyasal silahlar\u0131n tamam\u0131yla %100 yok edildi\u011fini belirtti. S\u00f6zc\u00fc son kimyasal silah partisinin ABD\u2019nin Teksas Vilayetinde imha edildi\u011fini a\u00e7\u0131klad\u0131.<\/p>\n<p>R.H.<\/p>\n","protected":false},"excerpt":{"rendered":"<p>LAHEY \u2013 BM\u2019ye tabi Uluslararas\u0131 Kimyasal Silahlar\u0131 Yasaklama \u00d6rg\u00fct\u00fc Suriye&#8217;deki kimyasal silahlar\u0131n tamam\u0131yla yok edildi\u011fini ilan etti. Suriye&#8217;de kimyasal silahlar\u0131n yok edilmesini g\u00f6zetlemekle y\u00fck\u00fcml\u00fc \u00f6rg\u00fct\u00fcn s\u00f6zc\u00fcs\u00fc Malik \u0130lahi Frans Press Ajans\u0131n\u0131n aktard\u0131\u011f\u0131 a\u00e7\u0131klamalar\u0131nda; Suriye&#8217;deki kimyasal silahlar\u0131n tamam\u0131yla %100 yok edildi\u011fini belirtti. S\u00f6zc\u00fc son kimyasal silah partisinin ABD\u2019nin Teksas Vilayetinde imha edildi\u011fini a\u00e7\u0131klad\u0131. R.H.<\/p>\n","protected":false},"author":1,"featured_media":57106,"comment_status":"closed","ping_status":"closed","sticky":false,"template":"","format":"standard","meta":{"footnotes":""},"categories":[458,459,17988],"tags":[18393],"class_list":["post-57105","post","type-post","status-publish","format-standard","has-post-thumbnail","","category-dunya1","category-haberler-arap-uluslararasi-politika","category-son-haberler","tag-kimyasal-silahlarin-tamami-yok-edildi"],"_links":{"self":[{"href":"https:\/\/archive.sana.sy\/tr\/index.php?rest_route=\/wp\/v2\/posts\/57105","targetHints":{"allow":["GET"]}}],"collection":[{"href":"https:\/\/archive.sana.sy\/tr\/index.php?rest_route=\/wp\/v2\/posts"}],"about":[{"href":"https:\/\/archive.sana.sy\/tr\/index.php?rest_route=\/wp\/v2\/types\/post"}],"author":[{"embeddable":true,"href":"https:\/\/archive.sana.sy\/tr\/index.php?rest_route=\/wp\/v2\/users\/1"}],"replies":[{"embeddable":true,"href":"https:\/\/archive.sana.sy\/tr\/index.php?rest_route=%2Fwp%2Fv2%2Fcomments&post=57105"}],"version-history":[{"count":0,"href":"https:\/\/archive.sana.sy\/tr\/index.php?rest_route=\/wp\/v2\/posts\/57105\/revisions"}],"wp:featuredmedia":[{"embeddable":true,"href":"https:\/\/archive.sana.sy\/tr\/index.php?rest_route=\/wp\/v2\/media\/57106"}],"wp:attachment":[{"href":"https:\/\/archive.sana.sy\/tr\/index.php?rest_route=%2Fwp%2Fv2%2Fmedia&parent=57105"}],"wp:term":[{"taxonomy":"category","embeddable":true,"href":"https:\/\/archive.sana.sy\/tr\/index.php?rest_route=%2Fwp%2Fv2%2Fcategories&post=57105"},{"taxonomy":"post_tag","embeddable":true,"href":"https:\/\/archive.sana.sy\/tr\/index.php?rest_route=%2Fwp%2Fv2%2Ftags&post=57105"}],"curies":[{"name":"wp","href":"https:\/\/api.w.org\/{rel}","templated":true}]}}