{"id":57128,"date":"2016-01-06T10:00:49","date_gmt":"2016-01-06T08:00:49","guid":{"rendered":"http:\/\/www.sana.sy\/tr\/?p=57128"},"modified":"2016-01-07T16:26:05","modified_gmt":"2016-01-07T14:26:05","slug":"dunya-genclik-forumu-katilimcilari-suriyenin-mucadelesini-desteklemede-israrli-ve-kararliyiz","status":"publish","type":"post","link":"https:\/\/archive.sana.sy\/tr\/?p=57128","title":{"rendered":"D\u00fcnya Gen\u00e7lik Forumu Kat\u0131l\u0131mc\u0131lar\u0131: Suriye\u2019nin M\u00fccadelesini Desteklemede Israrl\u0131 ve Kararl\u0131y\u0131z"},"content":{"rendered":"<p>\u015eAM \u2013 Suriye ile dayan\u0131\u015fmak i\u00e7in D\u00fcnya Gen\u00e7lik Forumu kat\u0131l\u0131mc\u0131lar\u0131 ter\u00f6re kar\u015f\u0131 m\u00fccadelede Suriye\u2019nin yan\u0131nda yer ald\u0131klar\u0131n\u0131 yineleyerek Suriye\u2019nin i\u00e7 i\u015flerine y\u00f6nelik her t\u00fcrl\u00fc d\u0131\u015f m\u00fcdahaleyi reddettiklerini vurgulad\u0131lar.<\/p>\n<p>SANA muhabirine k\u0131sa k\u0131sa r\u00f6portajlar veren kat\u0131l\u0131mc\u0131lar Suriye\u2019nin ya\u015famakta oldu\u011fu krizi a\u015faca\u011f\u0131na ve Suriyelilerin iradesini yans\u0131tan ba\u011f\u0131ms\u0131z ve \u00f6zg\u00fcr bir gelecek kuraca\u011f\u0131na b\u00fcy\u00fck bir g\u00fcvenle inand\u0131klar\u0131n\u0131 dile getirdiler.<\/p>\n<p>Suriye\u2019nin tarihi boyunca b\u00fct\u00fcn Arap davalar\u0131n\u0131 destekleyen tutumunu \u00f6vg\u00fcl\u00fc c\u00fcmlelerle takdir ettiklerini ifade eden kat\u0131l\u0131mc\u0131lar; bu forumun Arap ve d\u00fcnya gen\u00e7li\u011finin Suriye halk\u0131n\u0131n direni\u015fini destekleme kararl\u0131\u011f\u0131 ve \u0131srar\u0131n\u0131 yans\u0131tmay\u0131 ama\u00e7lad\u0131\u011f\u0131n\u0131 ibraz ettiler.<\/p>\n<p>D\u00fcnyaya Suriye\u2019nin, kendi topraklar\u0131nda bulunan ve Erdo\u011fan rejiminden destekli ter\u00f6re kar\u015f\u0131 m\u00fccadelesinde sonuna kadar hakl\u0131 oldu\u011fu mesaj\u0131n\u0131 vermek istediklerine dikkat \u00e7eken kat\u0131l\u0131mc\u0131lar; ter\u00f6re kar\u015f\u0131 m\u00fccadelede Suriye iktidar\u0131, ordusu ve halk\u0131n\u0131 desteklemede \u0131srarl\u0131 ve kararl\u0131 olduklar\u0131n\u0131 vurgulad\u0131lar.<\/p>\n<div id='gallery-1' class='gallery galleryid-57128 gallery-columns-3 gallery-size-medium'><figure class='gallery-item'>\n\t\t\t<div class='gallery-icon landscape'>\n\t\t\t\t<a href='https:\/\/archive.sana.sy\/tr\/wp-content\/uploads\/2016\/01\/1-12.jpg'><img loading=\"lazy\" decoding=\"async\" width=\"300\" height=\"150\" src=\"https:\/\/archive.sana.sy\/tr\/wp-content\/uploads\/2016\/01\/1-12-300x150.jpg\" class=\"attachment-medium size-medium\" alt=\"\" srcset=\"https:\/\/archive.sana.sy\/tr\/wp-content\/uploads\/2016\/01\/1-12-300x150.jpg 300w, https:\/\/archive.sana.sy\/tr\/wp-content\/uploads\/2016\/01\/1-12-150x75.jpg 150w, https:\/\/archive.sana.sy\/tr\/wp-content\/uploads\/2016\/01\/1-12.jpg 660w\" sizes=\"auto, (max-width: 300px) 100vw, 300px\" \/><\/a>\n\t\t\t<\/div><\/figure><figure class='gallery-item'>\n\t\t\t<div class='gallery-icon landscape'>\n\t\t\t\t<a href='https:\/\/archive.sana.sy\/tr\/wp-content\/uploads\/2016\/01\/2-6.jpg'><img loading=\"lazy\" decoding=\"async\" width=\"300\" height=\"184\" src=\"https:\/\/archive.sana.sy\/tr\/wp-content\/uploads\/2016\/01\/2-6-300x184.jpg\" class=\"attachment-medium size-medium\" alt=\"\" srcset=\"https:\/\/archive.sana.sy\/tr\/wp-content\/uploads\/2016\/01\/2-6-300x184.jpg 300w, https:\/\/archive.sana.sy\/tr\/wp-content\/uploads\/2016\/01\/2-6-150x92.jpg 150w, https:\/\/archive.sana.sy\/tr\/wp-content\/uploads\/2016\/01\/2-6.jpg 500w\" sizes=\"auto, (max-width: 300px) 100vw, 300px\" \/><\/a>\n\t\t\t<\/div><\/figure><figure class='gallery-item'>\n\t\t\t<div class='gallery-icon landscape'>\n\t\t\t\t<a href='https:\/\/archive.sana.sy\/tr\/wp-content\/uploads\/2016\/01\/3-6.jpg'><img loading=\"lazy\" decoding=\"async\" width=\"300\" height=\"195\" src=\"https:\/\/archive.sana.sy\/tr\/wp-content\/uploads\/2016\/01\/3-6-300x195.jpg\" class=\"attachment-medium size-medium\" alt=\"\" srcset=\"https:\/\/archive.sana.sy\/tr\/wp-content\/uploads\/2016\/01\/3-6-300x195.jpg 300w, https:\/\/archive.sana.sy\/tr\/wp-content\/uploads\/2016\/01\/3-6-150x98.jpg 150w, https:\/\/archive.sana.sy\/tr\/wp-content\/uploads\/2016\/01\/3-6.jpg 500w\" sizes=\"auto, (max-width: 300px) 100vw, 300px\" \/><\/a>\n\t\t\t<\/div><\/figure><figure class='gallery-item'>\n\t\t\t<div class='gallery-icon landscape'>\n\t\t\t\t<a href='https:\/\/archive.sana.sy\/tr\/wp-content\/uploads\/2016\/01\/4-4.jpg'><img loading=\"lazy\" decoding=\"async\" width=\"300\" height=\"201\" src=\"https:\/\/archive.sana.sy\/tr\/wp-content\/uploads\/2016\/01\/4-4-300x201.jpg\" class=\"attachment-medium size-medium\" alt=\"\" srcset=\"https:\/\/archive.sana.sy\/tr\/wp-content\/uploads\/2016\/01\/4-4-300x201.jpg 300w, https:\/\/archive.sana.sy\/tr\/wp-content\/uploads\/2016\/01\/4-4-150x101.jpg 150w, https:\/\/archive.sana.sy\/tr\/wp-content\/uploads\/2016\/01\/4-4-110x75.jpg 110w, https:\/\/archive.sana.sy\/tr\/wp-content\/uploads\/2016\/01\/4-4.jpg 500w\" sizes=\"auto, (max-width: 300px) 100vw, 300px\" \/><\/a>\n\t\t\t<\/div><\/figure><figure class='gallery-item'>\n\t\t\t<div class='gallery-icon landscape'>\n\t\t\t\t<a href='https:\/\/archive.sana.sy\/tr\/wp-content\/uploads\/2016\/01\/5-8.jpg'><img loading=\"lazy\" decoding=\"async\" width=\"300\" height=\"224\" src=\"https:\/\/archive.sana.sy\/tr\/wp-content\/uploads\/2016\/01\/5-8-300x224.jpg\" class=\"attachment-medium size-medium\" alt=\"\" srcset=\"https:\/\/archive.sana.sy\/tr\/wp-content\/uploads\/2016\/01\/5-8-300x224.jpg 300w, https:\/\/archive.sana.sy\/tr\/wp-content\/uploads\/2016\/01\/5-8-150x112.jpg 150w, https:\/\/archive.sana.sy\/tr\/wp-content\/uploads\/2016\/01\/5-8.jpg 500w\" sizes=\"auto, (max-width: 300px) 100vw, 300px\" \/><\/a>\n\t\t\t<\/div><\/figure><figure class='gallery-item'>\n\t\t\t<div class='gallery-icon landscape'>\n\t\t\t\t<a href='https:\/\/archive.sana.sy\/tr\/wp-content\/uploads\/2016\/01\/6-5.jpg'><img loading=\"lazy\" decoding=\"async\" width=\"300\" height=\"188\" src=\"https:\/\/archive.sana.sy\/tr\/wp-content\/uploads\/2016\/01\/6-5-300x188.jpg\" class=\"attachment-medium size-medium\" alt=\"\" srcset=\"https:\/\/archive.sana.sy\/tr\/wp-content\/uploads\/2016\/01\/6-5-300x188.jpg 300w, https:\/\/archive.sana.sy\/tr\/wp-content\/uploads\/2016\/01\/6-5-150x94.jpg 150w, https:\/\/archive.sana.sy\/tr\/wp-content\/uploads\/2016\/01\/6-5.jpg 500w\" sizes=\"auto, (max-width: 300px) 100vw, 300px\" \/><\/a>\n\t\t\t<\/div><\/figure><figure class='gallery-item'>\n\t\t\t<div class='gallery-icon landscape'>\n\t\t\t\t<a href='https:\/\/archive.sana.sy\/tr\/wp-content\/uploads\/2016\/01\/7-3.jpg'><img loading=\"lazy\" decoding=\"async\" width=\"300\" height=\"200\" src=\"https:\/\/archive.sana.sy\/tr\/wp-content\/uploads\/2016\/01\/7-3-300x200.jpg\" class=\"attachment-medium size-medium\" alt=\"\" srcset=\"https:\/\/archive.sana.sy\/tr\/wp-content\/uploads\/2016\/01\/7-3-300x200.jpg 300w, https:\/\/archive.sana.sy\/tr\/wp-content\/uploads\/2016\/01\/7-3-150x100.jpg 150w, https:\/\/archive.sana.sy\/tr\/wp-content\/uploads\/2016\/01\/7-3.jpg 500w\" sizes=\"auto, (max-width: 300px) 100vw, 300px\" \/><\/a>\n\t\t\t<\/div><\/figure><figure class='gallery-item'>\n\t\t\t<div class='gallery-icon landscape'>\n\t\t\t\t<a href='https:\/\/archive.sana.sy\/tr\/wp-content\/uploads\/2016\/01\/8-3.jpg'><img loading=\"lazy\" decoding=\"async\" width=\"300\" height=\"229\" src=\"https:\/\/archive.sana.sy\/tr\/wp-content\/uploads\/2016\/01\/8-3-300x229.jpg\" class=\"attachment-medium size-medium\" alt=\"\" srcset=\"https:\/\/archive.sana.sy\/tr\/wp-content\/uploads\/2016\/01\/8-3-300x229.jpg 300w, https:\/\/archive.sana.sy\/tr\/wp-content\/uploads\/2016\/01\/8-3-150x114.jpg 150w, https:\/\/archive.sana.sy\/tr\/wp-content\/uploads\/2016\/01\/8-3.jpg 500w\" sizes=\"auto, (max-width: 300px) 100vw, 300px\" \/><\/a>\n\t\t\t<\/div><\/figure><figure class='gallery-item'>\n\t\t\t<div class='gallery-icon landscape'>\n\t\t\t\t<a href='https:\/\/archive.sana.sy\/tr\/wp-content\/uploads\/2016\/01\/9-2.jpg'><img loading=\"lazy\" decoding=\"async\" width=\"300\" height=\"181\" src=\"https:\/\/archive.sana.sy\/tr\/wp-content\/uploads\/2016\/01\/9-2-300x181.jpg\" class=\"attachment-medium size-medium\" alt=\"\" srcset=\"https:\/\/archive.sana.sy\/tr\/wp-content\/uploads\/2016\/01\/9-2-300x181.jpg 300w, https:\/\/archive.sana.sy\/tr\/wp-content\/uploads\/2016\/01\/9-2-150x90.jpg 150w, https:\/\/archive.sana.sy\/tr\/wp-content\/uploads\/2016\/01\/9-2.jpg 500w\" sizes=\"auto, (max-width: 300px) 100vw, 300px\" \/><\/a>\n\t\t\t<\/div><\/figure>\n\t\t<\/div>\n\n<p>F.B. &#8211; R.H.<\/p>\n","protected":false},"excerpt":{"rendered":"<p>\u015eAM \u2013 Suriye ile dayan\u0131\u015fmak i\u00e7in D\u00fcnya Gen\u00e7lik Forumu kat\u0131l\u0131mc\u0131lar\u0131 ter\u00f6re kar\u015f\u0131 m\u00fccadelede Suriye\u2019nin yan\u0131nda yer ald\u0131klar\u0131n\u0131 yineleyerek Suriye\u2019nin i\u00e7 i\u015flerine y\u00f6nelik her t\u00fcrl\u00fc d\u0131\u015f m\u00fcdahaleyi reddettiklerini vurgulad\u0131lar. SANA muhabirine k\u0131sa k\u0131sa r\u00f6portajlar veren kat\u0131l\u0131mc\u0131lar Suriye\u2019nin ya\u015famakta oldu\u011fu krizi a\u015faca\u011f\u0131na ve Suriyelilerin iradesini yans\u0131tan ba\u011f\u0131ms\u0131z ve \u00f6zg\u00fcr bir gelecek kuraca\u011f\u0131na b\u00fcy\u00fck bir g\u00fcvenle inand\u0131klar\u0131n\u0131 dile &hellip;<\/p>\n","protected":false},"author":1,"featured_media":57129,"comment_status":"closed","ping_status":"closed","sticky":false,"template":"","format":"standard","meta":{"footnotes":""},"categories":[479,17988,2554,2555,478],"tags":[18399],"class_list":["post-57128","post","type-post","status-publish","format-standard","has-post-thumbnail","","category-haberler-yerel","category-son-haberler","category-suriye-ve-dunya","category-suriye-ve-turkiye","category-yerel","tag-dunya-genclik-forumu-katilimcilari-suriyenin-mucadelesini-desteklemede-israrli-ve-kararliyiz"],"_links":{"self":[{"href":"https:\/\/archive.sana.sy\/tr\/index.php?rest_route=\/wp\/v2\/posts\/57128","targetHints":{"allow":["GET"]}}],"collection":[{"href":"https:\/\/archive.sana.sy\/tr\/index.php?rest_route=\/wp\/v2\/posts"}],"about":[{"href":"https:\/\/archive.sana.sy\/tr\/index.php?rest_route=\/wp\/v2\/types\/post"}],"author":[{"embeddable":true,"href":"https:\/\/archive.sana.sy\/tr\/index.php?rest_route=\/wp\/v2\/users\/1"}],"replies":[{"embeddable":true,"href":"https:\/\/archive.sana.sy\/tr\/index.php?rest_route=%2Fwp%2Fv2%2Fcomments&post=57128"}],"version-history":[{"count":0,"href":"https:\/\/archive.sana.sy\/tr\/index.php?rest_route=\/wp\/v2\/posts\/57128\/revisions"}],"wp:featuredmedia":[{"embeddable":true,"href":"https:\/\/archive.sana.sy\/tr\/index.php?rest_route=\/wp\/v2\/media\/57129"}],"wp:attachment":[{"href":"https:\/\/archive.sana.sy\/tr\/index.php?rest_route=%2Fwp%2Fv2%2Fmedia&parent=57128"}],"wp:term":[{"taxonomy":"category","embeddable":true,"href":"https:\/\/archive.sana.sy\/tr\/index.php?rest_route=%2Fwp%2Fv2%2Fcategories&post=57128"},{"taxonomy":"post_tag","embeddable":true,"href":"https:\/\/archive.sana.sy\/tr\/index.php?rest_route=%2Fwp%2Fv2%2Ftags&post=57128"}],"curies":[{"name":"wp","href":"https:\/\/api.w.org\/{rel}","templated":true}]}}