{"id":57153,"date":"2016-01-06T14:00:09","date_gmt":"2016-01-06T12:00:09","guid":{"rendered":"http:\/\/www.sana.sy\/tr\/?p=57153"},"modified":"2016-01-07T16:25:57","modified_gmt":"2016-01-07T14:25:57","slug":"turkiyeden-teroristlere-silah-akisi-bmgknin-gundeminde","status":"publish","type":"post","link":"https:\/\/archive.sana.sy\/tr\/?p=57153","title":{"rendered":"T\u00fcrkiye&#8217;den Ter\u00f6ristlere Silah Ak\u0131\u015f\u0131 BMGK\u2019nin G\u00fcndeminde"},"content":{"rendered":"<p>NEW YORK \u2013 BM G\u00fcvenlik Konseyi d\u00fcn ak\u015fam Rusya&#8217;n\u0131n giri\u015fimi \u00fczerine d\u00fczenledi\u011fi kapal\u0131 oturumdaT\u00fcrkiye topraklar\u0131 \u00fczerinden Suriye&#8217;de faaliyet g\u00f6steren ter\u00f6r \u00f6rg\u00fctlere silah ak\u0131\u015f\u0131 meselesini masaya yat\u0131rd\u0131.<\/p>\n<p>G\u00fcvenlik Konseyinin kapal\u0131 oturumu ard\u0131ndan Uruguayl\u0131 diplomat Rus Tass Ajans\u0131n\u0131n aktard\u0131\u011f\u0131 a\u00e7\u0131klamalar\u0131nda; T\u00fcrkiye&#8217;den Suriye&#8217;deki ter\u00f6ristlere silah ak\u0131\u015f\u0131 meselesinin masaya yat\u0131r\u0131ld\u0131\u011f\u0131n\u0131 ifade etti. Diplomat fakat oturumda bu konuda ek icraatlar\u0131n al\u0131nmas\u0131 i\u00e7in herhangi bir karar al\u0131nmad\u0131\u011f\u0131n\u0131 s\u00f6ylerken oturumda ter\u00f6rle m\u00fccadeleye ili\u015fkin genel konular\u0131n da g\u00f6r\u00fc\u015f\u00fcld\u00fc\u011f\u00fcn\u00fc aktard\u0131.<\/p>\n<p>\u0130ngiltere&#8217;nin BM\u2019deki daimi temsilcisi Matthew Rycroft ise toplant\u0131da bulunanlar\u0131n; T\u00fcrkiye&#8217;nin, Suriye&#8217;deki krize \u00e7\u00f6z\u00fcm\u00fcn bir par\u00e7as\u0131 olmas\u0131 ve Suriye ile t\u00fcm s\u0131n\u0131rlar\u0131n\u0131 kapatmas\u0131 gere\u011fe\u011finden hareket ettiklerini belirtti. Rycroft I\u015e\u0130D ter\u00f6r \u00f6rg\u00fct\u00fcne kar\u015f\u0131 uygulanan yapt\u0131r\u0131mlar\u0131n s\u00fcrd\u00fcr\u00fclmesi ve tekfircilerin i\u015fine yarayan gayrime\u015fru petrol ticaretinin \u00f6nlenmesi \u00f6neminin alt\u0131 \u00e7izildi\u011fini ifade etti.<\/p>\n","protected":false},"excerpt":{"rendered":"<p>NEW YORK \u2013 BM G\u00fcvenlik Konseyi d\u00fcn ak\u015fam Rusya&#8217;n\u0131n giri\u015fimi \u00fczerine d\u00fczenledi\u011fi kapal\u0131 oturumdaT\u00fcrkiye topraklar\u0131 \u00fczerinden Suriye&#8217;de faaliyet g\u00f6steren ter\u00f6r \u00f6rg\u00fctlere silah ak\u0131\u015f\u0131 meselesini masaya yat\u0131rd\u0131. G\u00fcvenlik Konseyinin kapal\u0131 oturumu ard\u0131ndan Uruguayl\u0131 diplomat Rus Tass Ajans\u0131n\u0131n aktard\u0131\u011f\u0131 a\u00e7\u0131klamalar\u0131nda; T\u00fcrkiye&#8217;den Suriye&#8217;deki ter\u00f6ristlere silah ak\u0131\u015f\u0131 meselesinin masaya yat\u0131r\u0131ld\u0131\u011f\u0131n\u0131 ifade etti. Diplomat fakat oturumda bu konuda ek icraatlar\u0131n &hellip;<\/p>\n","protected":false},"author":1,"featured_media":57176,"comment_status":"closed","ping_status":"closed","sticky":false,"template":"","format":"standard","meta":{"footnotes":""},"categories":[17988,2554,2555],"tags":[9401,10837,2318,18403,18402,18401],"class_list":["post-57153","post","type-post","status-publish","format-standard","has-post-thumbnail","","category-son-haberler","category-suriye-ve-dunya","category-suriye-ve-turkiye","tag-erdogan","tag-ihvanci-rejim","tag-isid","tag-silah-akisi","tag-silah-destegi","tag-turkiyeden-teroristlere-silah-akisi-bmgknin-gundeminde"],"_links":{"self":[{"href":"https:\/\/archive.sana.sy\/tr\/index.php?rest_route=\/wp\/v2\/posts\/57153","targetHints":{"allow":["GET"]}}],"collection":[{"href":"https:\/\/archive.sana.sy\/tr\/index.php?rest_route=\/wp\/v2\/posts"}],"about":[{"href":"https:\/\/archive.sana.sy\/tr\/index.php?rest_route=\/wp\/v2\/types\/post"}],"author":[{"embeddable":true,"href":"https:\/\/archive.sana.sy\/tr\/index.php?rest_route=\/wp\/v2\/users\/1"}],"replies":[{"embeddable":true,"href":"https:\/\/archive.sana.sy\/tr\/index.php?rest_route=%2Fwp%2Fv2%2Fcomments&post=57153"}],"version-history":[{"count":0,"href":"https:\/\/archive.sana.sy\/tr\/index.php?rest_route=\/wp\/v2\/posts\/57153\/revisions"}],"wp:featuredmedia":[{"embeddable":true,"href":"https:\/\/archive.sana.sy\/tr\/index.php?rest_route=\/wp\/v2\/media\/57176"}],"wp:attachment":[{"href":"https:\/\/archive.sana.sy\/tr\/index.php?rest_route=%2Fwp%2Fv2%2Fmedia&parent=57153"}],"wp:term":[{"taxonomy":"category","embeddable":true,"href":"https:\/\/archive.sana.sy\/tr\/index.php?rest_route=%2Fwp%2Fv2%2Fcategories&post=57153"},{"taxonomy":"post_tag","embeddable":true,"href":"https:\/\/archive.sana.sy\/tr\/index.php?rest_route=%2Fwp%2Fv2%2Ftags&post=57153"}],"curies":[{"name":"wp","href":"https:\/\/api.w.org\/{rel}","templated":true}]}}