{"id":57175,"date":"2016-01-06T10:53:58","date_gmt":"2016-01-06T08:53:58","guid":{"rendered":"http:\/\/www.sana.sy\/tr\/?p=57175"},"modified":"2016-01-06T15:57:27","modified_gmt":"2016-01-06T13:57:27","slug":"bir-kisim-devletler-teroru-provoke-ediyor","status":"publish","type":"post","link":"https:\/\/archive.sana.sy\/tr\/?p=57175","title":{"rendered":"Bir K\u0131s\u0131m Devletler Ter\u00f6r\u00fc Provoke Ediyor"},"content":{"rendered":"<p>TAHRAN \u2013 \u0130ran D\u0131\u015fi\u015fleri Bakan\u0131 Muhammed Cevat Zarif ve Irakl\u0131 mevkida\u015f\u0131 \u0130brahim el Caferi bug\u00fcn Tahran\u2019da bulunduklar\u0131 g\u00f6r\u00fc\u015fmelerin ard\u0131ndan ortak bir bas\u0131n toplant\u0131s\u0131 d\u00fczenlediler.<\/p>\n<p>Bas\u0131n toplant\u0131s\u0131nda Zarif \u00fclkesinin b\u00f6lge halklar\u0131n\u0131 tehdit eden ter\u00f6re kar\u015f\u0131 m\u00fccadelesini s\u00fcrd\u00fcrece\u011fini ifade ederken, bir k\u0131s\u0131m devletlerin b\u00f6lgede ter\u00f6r\u00fc alevlendirdiklerini belirtti. Zarif Suudi Arabistan\u2019\u0131n ter\u00f6rle m\u00fccadelede \u0130ran\u2019\u0131n \u00e7a\u011fr\u0131lar\u0131na olumlu yan\u0131t vermediklerini ifade ederken, b\u00f6lgede ter\u00f6r\u00fc provoke eden tutum ve politikalara son vermekle birlikte \u0130slam dininin ter\u00f6rde kullan\u0131lmas\u0131na son verme gere\u011finin alt\u0131n\u0131 \u00e7izdi.<\/p>\n<p>Irak D\u0131\u015fi\u015fleri Bakan\u0131 Caferi ise bas\u0131n toplant\u0131s\u0131nda b\u00f6lgedeki gerginli\u011fin azalt\u0131lmas\u0131 ve ter\u00f6re kar\u015f\u0131 ortak bir m\u00fccadele verilmesi gere\u011fini ifade ederken, ter\u00f6r\u00fcn t\u00fcm halklar\u0131 tehdit etti\u011fini s\u00f6yledi. Caferi \u0130ran\u2019\u0131n b\u00f6lgede bar\u0131\u015f ve istikrar\u0131n sa\u011flanmas\u0131 y\u00f6n\u00fcnde takdire \u015fayan bir \u00e7aba harcad\u0131\u011f\u0131n\u0131 ifade etti.<\/p>\n<p>Irak ordusunun son g\u00fcnlerde I\u015e\u0130D ter\u00f6r \u00f6rg\u00fct\u00fcne kar\u015f\u0131 ger\u00e7ekle\u015ftirdi\u011fi ba\u015far\u0131lara dikkat \u00e7eken Caferi; T\u00fcrkiye g\u00fc\u00e7lerinin Irak\u2019\u0131n egemenli\u011fi ve ba\u011f\u0131ms\u0131zl\u0131\u011f\u0131n\u0131 ihlal etmesini mutlak bir \u015fekilde reddetti\u011finin bir kez daha alt\u0131n\u0131 \u00e7izdi. Caferi Irak\u2019\u0131n t\u00fcm devletlerle g\u00fczel ili\u015fkileri olmas\u0131na \u00f6zen g\u00f6sterdi\u011fini, fakat bunun ulusal egemenlik ve ba\u011f\u0131ms\u0131zl\u0131\u011f\u0131n\u0131 zedeleyecek \u015fekilde olmas\u0131na da izin vermeyece\u011fini s\u00f6yledi.<\/p>\n","protected":false},"excerpt":{"rendered":"<p>TAHRAN \u2013 \u0130ran D\u0131\u015fi\u015fleri Bakan\u0131 Muhammed Cevat Zarif ve Irakl\u0131 mevkida\u015f\u0131 \u0130brahim el Caferi bug\u00fcn Tahran\u2019da bulunduklar\u0131 g\u00f6r\u00fc\u015fmelerin ard\u0131ndan ortak bir bas\u0131n toplant\u0131s\u0131 d\u00fczenlediler. Bas\u0131n toplant\u0131s\u0131nda Zarif \u00fclkesinin b\u00f6lge halklar\u0131n\u0131 tehdit eden ter\u00f6re kar\u015f\u0131 m\u00fccadelesini s\u00fcrd\u00fcrece\u011fini ifade ederken, bir k\u0131s\u0131m devletlerin b\u00f6lgede ter\u00f6r\u00fc alevlendirdiklerini belirtti. Zarif Suudi Arabistan\u2019\u0131n ter\u00f6rle m\u00fccadelede \u0130ran\u2019\u0131n \u00e7a\u011fr\u0131lar\u0131na olumlu yan\u0131t vermediklerini &hellip;<\/p>\n","protected":false},"author":1,"featured_media":57197,"comment_status":"closed","ping_status":"closed","sticky":false,"template":"","format":"standard","meta":{"footnotes":""},"categories":[458,459,17988],"tags":[18409,16943],"class_list":["post-57175","post","type-post","status-publish","format-standard","has-post-thumbnail","","category-dunya1","category-haberler-arap-uluslararasi-politika","category-son-haberler","tag-irakli-mevkidasi-ibrahim-el-caferi","tag-iran-disisleri-bakani-muhammed-cevat-zarif"],"_links":{"self":[{"href":"https:\/\/archive.sana.sy\/tr\/index.php?rest_route=\/wp\/v2\/posts\/57175","targetHints":{"allow":["GET"]}}],"collection":[{"href":"https:\/\/archive.sana.sy\/tr\/index.php?rest_route=\/wp\/v2\/posts"}],"about":[{"href":"https:\/\/archive.sana.sy\/tr\/index.php?rest_route=\/wp\/v2\/types\/post"}],"author":[{"embeddable":true,"href":"https:\/\/archive.sana.sy\/tr\/index.php?rest_route=\/wp\/v2\/users\/1"}],"replies":[{"embeddable":true,"href":"https:\/\/archive.sana.sy\/tr\/index.php?rest_route=%2Fwp%2Fv2%2Fcomments&post=57175"}],"version-history":[{"count":0,"href":"https:\/\/archive.sana.sy\/tr\/index.php?rest_route=\/wp\/v2\/posts\/57175\/revisions"}],"wp:featuredmedia":[{"embeddable":true,"href":"https:\/\/archive.sana.sy\/tr\/index.php?rest_route=\/wp\/v2\/media\/57197"}],"wp:attachment":[{"href":"https:\/\/archive.sana.sy\/tr\/index.php?rest_route=%2Fwp%2Fv2%2Fmedia&parent=57175"}],"wp:term":[{"taxonomy":"category","embeddable":true,"href":"https:\/\/archive.sana.sy\/tr\/index.php?rest_route=%2Fwp%2Fv2%2Fcategories&post=57175"},{"taxonomy":"post_tag","embeddable":true,"href":"https:\/\/archive.sana.sy\/tr\/index.php?rest_route=%2Fwp%2Fv2%2Ftags&post=57175"}],"curies":[{"name":"wp","href":"https:\/\/api.w.org\/{rel}","templated":true}]}}