{"id":57196,"date":"2016-01-06T11:45:51","date_gmt":"2016-01-06T09:45:51","guid":{"rendered":"http:\/\/www.sana.sy\/tr\/?p=57196"},"modified":"2016-01-06T14:55:54","modified_gmt":"2016-01-06T12:55:54","slug":"ahrar-el-samin-homs-sorumlusu-tasfiye-edildi","status":"publish","type":"post","link":"https:\/\/archive.sana.sy\/tr\/?p=57196","title":{"rendered":"Ahrar el \u015eam&#8217;\u0131n Homs Sorumlusu Tasfiye Edildi"},"content":{"rendered":"<p>HOMS \u2013 Tekfirci ter\u00f6r \u00e7eteleri medya ara\u00e7lar\u0131nda \u2018Ahrar el \u015eam \u0130slami Hareketi\u2019nin s\u00f6zde Homs B\u00f6lge sorumlusu \u2018Ebu Ratib el Homsi\u2019 lakapl\u0131 az\u0131l\u0131 ter\u00f6r eleba\u015f\u0131n\u0131n tasfiye edildi\u011fini itiraf edildi.<\/p>\n<p>Tekfirciler silahl\u0131 me\u00e7hul ki\u015filerin tekfirci hareketin \u2018Homs Emiri\u2019 olarak adland\u0131rd\u0131klar\u0131 \u2018Ebu Ratib\u2019 lakapl\u0131 Muhammed Hassan Ratib el Seyid\u2019i Homs Kentinin 13 km kuzeyine d\u00fc\u015fen Telbise B\u00f6lgesinin Bat\u0131 Ferhaniye K\u00f6y\u00fcnde \u00f6ld\u00fcrd\u00fcklerini ifade etti.<\/p>\n","protected":false},"excerpt":{"rendered":"<p>HOMS \u2013 Tekfirci ter\u00f6r \u00e7eteleri medya ara\u00e7lar\u0131nda \u2018Ahrar el \u015eam \u0130slami Hareketi\u2019nin s\u00f6zde Homs B\u00f6lge sorumlusu \u2018Ebu Ratib el Homsi\u2019 lakapl\u0131 az\u0131l\u0131 ter\u00f6r eleba\u015f\u0131n\u0131n tasfiye edildi\u011fini itiraf edildi. Tekfirciler silahl\u0131 me\u00e7hul ki\u015filerin tekfirci hareketin \u2018Homs Emiri\u2019 olarak adland\u0131rd\u0131klar\u0131 \u2018Ebu Ratib\u2019 lakapl\u0131 Muhammed Hassan Ratib el Seyid\u2019i Homs Kentinin 13 km kuzeyine d\u00fc\u015fen Telbise B\u00f6lgesinin Bat\u0131 &hellip;<\/p>\n","protected":false},"author":1,"featured_media":57200,"comment_status":"closed","ping_status":"closed","sticky":false,"template":"","format":"standard","meta":{"footnotes":""},"categories":[575,17988],"tags":[18345,18237,18410,17320,2930],"class_list":["post-57196","post","type-post","status-publish","format-standard","has-post-thumbnail","","category-olaylar-ve-gercekler","category-son-haberler","tag-ahrar-el-sam-islami-hareketi","tag-cihatcilar","tag-tasfiye-edildi","tag-tekfirciler","tag-teroristler"],"_links":{"self":[{"href":"https:\/\/archive.sana.sy\/tr\/index.php?rest_route=\/wp\/v2\/posts\/57196","targetHints":{"allow":["GET"]}}],"collection":[{"href":"https:\/\/archive.sana.sy\/tr\/index.php?rest_route=\/wp\/v2\/posts"}],"about":[{"href":"https:\/\/archive.sana.sy\/tr\/index.php?rest_route=\/wp\/v2\/types\/post"}],"author":[{"embeddable":true,"href":"https:\/\/archive.sana.sy\/tr\/index.php?rest_route=\/wp\/v2\/users\/1"}],"replies":[{"embeddable":true,"href":"https:\/\/archive.sana.sy\/tr\/index.php?rest_route=%2Fwp%2Fv2%2Fcomments&post=57196"}],"version-history":[{"count":0,"href":"https:\/\/archive.sana.sy\/tr\/index.php?rest_route=\/wp\/v2\/posts\/57196\/revisions"}],"wp:featuredmedia":[{"embeddable":true,"href":"https:\/\/archive.sana.sy\/tr\/index.php?rest_route=\/wp\/v2\/media\/57200"}],"wp:attachment":[{"href":"https:\/\/archive.sana.sy\/tr\/index.php?rest_route=%2Fwp%2Fv2%2Fmedia&parent=57196"}],"wp:term":[{"taxonomy":"category","embeddable":true,"href":"https:\/\/archive.sana.sy\/tr\/index.php?rest_route=%2Fwp%2Fv2%2Fcategories&post=57196"},{"taxonomy":"post_tag","embeddable":true,"href":"https:\/\/archive.sana.sy\/tr\/index.php?rest_route=%2Fwp%2Fv2%2Ftags&post=57196"}],"curies":[{"name":"wp","href":"https:\/\/api.w.org\/{rel}","templated":true}]}}