{"id":57202,"date":"2016-01-06T20:00:54","date_gmt":"2016-01-06T18:00:54","guid":{"rendered":"http:\/\/www.sana.sy\/tr\/?p=57202"},"modified":"2016-01-07T16:21:36","modified_gmt":"2016-01-07T14:21:36","slug":"gelisiguzel-saldirilarinda-sehit-ve-yaralilar-var","status":"publish","type":"post","link":"https:\/\/archive.sana.sy\/tr\/?p=57202","title":{"rendered":"Geli\u015fig\u00fczel Sald\u0131r\u0131lar\u0131nda \u015eehit ve Yaral\u0131lar Var"},"content":{"rendered":"<p>\u0130LLER \u2013 D\u0131\u015f g\u00fc\u00e7lerin patronajl\u0131\u011f\u0131ndaki tekfirci ter\u00f6r \u00e7eteleri sivil yerle\u015fim alanlar\u0131 ve savunmas\u0131z sivil insanlar\u0131 geli\u015fig\u00fczel f\u00fcze sald\u0131r\u0131lar\u0131yla hedef almaya devam etti.<\/p>\n<p><span style=\"color: #0000ff\">\u015eAM:<\/span><\/p>\n<p>\u0130\u00e7i\u015fleri Bakanl\u0131\u011f\u0131nda yetkili bir kaynak bug\u00fcn SANA\u2019ya yapt\u0131\u011f\u0131 a\u00e7\u0131klamada \u015eam k\u0131rsal\u0131n\u0131n Do\u011fu \u011euta B\u00f6lgesinde Suudi rejiminin finans ve talimatlar\u0131yla faaliyet g\u00f6steren \u2018\u0130slam Ordusu\u2019 tekfircilerinin bug\u00fcn \u015eam\u2019\u0131n sivil yerle\u015fim alanlar\u0131na geli\u015fig\u00fczel f\u00fczelerle sald\u0131rd\u0131klar\u0131n\u0131 belirtti.<\/p>\n<p>Kaynak hain sald\u0131r\u0131larda aralar\u0131nda \u00e7ocuk ve kad\u0131nlar\u0131n bulundu\u011fu 9 vatanda\u015f\u0131n \u015fehit, 36\u00a0vatanda\u015f\u0131n da yaral\u0131 d\u00fc\u015ft\u00fc\u011f\u00fcn\u00fc belirtirken, \u00f6zel ve kamu m\u00fclklerde de b\u00fcy\u00fck maddi hasar\u0131n olu\u015ftu\u011funu s\u00f6zlerine ekledi.<\/p>\n<p><span style=\"color: #0000ff\">HALEP:<\/span><\/p>\n<p>Halep\u2019te ise T\u00fcrkiye&#8217;de Erdo\u011fan rejiminin destek ve talimatlar\u0131yla faaliyet g\u00f6steren tekfirci ter\u00f6r \u00f6rg\u00fctleri kentin sivil yerle\u015fim alanlar\u0131ndan Nil Caddesini f\u00fczelerle hedef ald\u0131.<\/p>\n<p>Halep Emniyet M\u00fcd\u00fcrl\u00fc\u011f\u00fcnde bir kaynak SANA\u2019ya a\u00e7\u0131klamas\u0131nda sivil yerle\u015fim alanlar\u0131na y\u00f6nelik geli\u015fig\u00fczel sald\u0131r\u0131larda 4 vatanda\u015f\u0131n yaraland\u0131\u011f\u0131n\u0131, vatanda\u015flar\u0131n evlerinde de maddi hasar\u0131n olu\u015ftu\u011funu belirtti.<\/p>\n","protected":false},"excerpt":{"rendered":"<p>\u0130LLER \u2013 D\u0131\u015f g\u00fc\u00e7lerin patronajl\u0131\u011f\u0131ndaki tekfirci ter\u00f6r \u00e7eteleri sivil yerle\u015fim alanlar\u0131 ve savunmas\u0131z sivil insanlar\u0131 geli\u015fig\u00fczel f\u00fcze sald\u0131r\u0131lar\u0131yla hedef almaya devam etti. \u015eAM: \u0130\u00e7i\u015fleri Bakanl\u0131\u011f\u0131nda yetkili bir kaynak bug\u00fcn SANA\u2019ya yapt\u0131\u011f\u0131 a\u00e7\u0131klamada \u015eam k\u0131rsal\u0131n\u0131n Do\u011fu \u011euta B\u00f6lgesinde Suudi rejiminin finans ve talimatlar\u0131yla faaliyet g\u00f6steren \u2018\u0130slam Ordusu\u2019 tekfircilerinin bug\u00fcn \u015eam\u2019\u0131n sivil yerle\u015fim alanlar\u0131na geli\u015fig\u00fczel f\u00fczelerle sald\u0131rd\u0131klar\u0131n\u0131 &hellip;<\/p>\n","protected":false},"author":1,"featured_media":57203,"comment_status":"closed","ping_status":"closed","sticky":false,"template":"","format":"standard","meta":{"footnotes":""},"categories":[479,575,478],"tags":[18237,17606,18344,5010,13459,2733,17320,18411],"class_list":["post-57202","post","type-post","status-publish","format-standard","has-post-thumbnail","","category-haberler-yerel","category-olaylar-ve-gercekler","category-yerel","tag-cihatcilar","tag-fuze-saldirilari","tag-gelisiguzel-saldirilar","tag-havan-saldirilari","tag-islam-ordusu","tag-suudi-arabistan","tag-tekfirciler","tag-vahhabi-rejim"],"_links":{"self":[{"href":"https:\/\/archive.sana.sy\/tr\/index.php?rest_route=\/wp\/v2\/posts\/57202","targetHints":{"allow":["GET"]}}],"collection":[{"href":"https:\/\/archive.sana.sy\/tr\/index.php?rest_route=\/wp\/v2\/posts"}],"about":[{"href":"https:\/\/archive.sana.sy\/tr\/index.php?rest_route=\/wp\/v2\/types\/post"}],"author":[{"embeddable":true,"href":"https:\/\/archive.sana.sy\/tr\/index.php?rest_route=\/wp\/v2\/users\/1"}],"replies":[{"embeddable":true,"href":"https:\/\/archive.sana.sy\/tr\/index.php?rest_route=%2Fwp%2Fv2%2Fcomments&post=57202"}],"version-history":[{"count":0,"href":"https:\/\/archive.sana.sy\/tr\/index.php?rest_route=\/wp\/v2\/posts\/57202\/revisions"}],"wp:featuredmedia":[{"embeddable":true,"href":"https:\/\/archive.sana.sy\/tr\/index.php?rest_route=\/wp\/v2\/media\/57203"}],"wp:attachment":[{"href":"https:\/\/archive.sana.sy\/tr\/index.php?rest_route=%2Fwp%2Fv2%2Fmedia&parent=57202"}],"wp:term":[{"taxonomy":"category","embeddable":true,"href":"https:\/\/archive.sana.sy\/tr\/index.php?rest_route=%2Fwp%2Fv2%2Fcategories&post=57202"},{"taxonomy":"post_tag","embeddable":true,"href":"https:\/\/archive.sana.sy\/tr\/index.php?rest_route=%2Fwp%2Fv2%2Ftags&post=57202"}],"curies":[{"name":"wp","href":"https:\/\/api.w.org\/{rel}","templated":true}]}}