{"id":57205,"date":"2016-01-06T11:00:07","date_gmt":"2016-01-06T09:00:07","guid":{"rendered":"http:\/\/www.sana.sy\/tr\/?p=57205"},"modified":"2016-01-06T15:29:25","modified_gmt":"2016-01-06T13:29:25","slug":"siyasi-cozum-gereklidir-bu-da-esadsiz-olmaz","status":"publish","type":"post","link":"https:\/\/archive.sana.sy\/tr\/?p=57205","title":{"rendered":"Siyasi \u00c7\u00f6z\u00fcm Gereklidir, Bu da Esad\u2019s\u0131z Olmaz"},"content":{"rendered":"<p>PRAG \u2013 \u00c7ek Cumhuriyeti D\u0131\u015fi\u015fleri Bakan\u0131 Lubomir Zaoralek \u00fclkesinin, Suriye&#8217;deki krizin siyasi yollarla \u00e7\u00f6z\u00fcm\u00fcn\u00fc destekledi\u011fini yinelerken fakat bunun I\u015e\u0130D ve di\u011fer ter\u00f6r \u00f6rg\u00fctlerinde silahlar\u0131n kalmas\u0131na izin verme anlam\u0131na gelmedi\u011fini, siyasi \u00e7\u00f6z\u00fcme kat\u0131lma g\u00fcc\u00fcne sahip m\u00fcmk\u00fcn oldu\u011funca b\u00fcy\u00fck bir muhalefet temsilcileri toplama anlam\u0131na geldi\u011fini s\u00f6yledi.<\/p>\n<p>\u00c7ek Televizyonunun yay\u0131nlad\u0131\u011f\u0131 m\u00fclakat\u0131nda Zaoralek; Suriye&#8217;deki krizin Avrupa \u00fclkelerinin tan\u0131k olduklar\u0131 m\u00fclteci ak\u0131n\u0131n\u0131n bir nedeni oldu\u011funa dikkat \u00e7ekerek; dolay\u0131s\u0131yla bu meseleye \u00e7\u00f6z\u00fcm bulmak i\u00e7in Suriye&#8217;deki krizi siyasi yollarla \u00e7\u00f6zmenin temel bir gereklilik oldu\u011funu ifade etti.<\/p>\n<p>Zaoralek Suriye&#8217;de siyasi \u00e7\u00f6z\u00fcm\u00fcn Cumhurba\u015fkan\u0131 Be\u015f\u015far el Esad olmadan sa\u011flanmas\u0131n\u0131n kesinlikle m\u00fcmk\u00fcn olmad\u0131\u011f\u0131n\u0131 ifade etti. \u00c7ek Cumhuriyetinin Suriye&#8217;deki geli\u015fmelere b\u00f6y\u00fck ilgi g\u00f6sterdi\u011fini belirten Zaoralek; \u00f6yle ki \u015eam\u2019da bulunan b\u00fcy\u00fckel\u00e7ili\u011fi ile Suriye&#8217;de ABD ve Avrupa devletlerinin \u00e7\u0131karlar\u0131n\u0131 temsil eden tek \u00fclke oldu\u011funu s\u00f6yledi.<\/p>\n<p>I\u015e\u0130D\u2019in son s\u00fcre\u00e7 i\u00e7inde b\u00fcy\u00fck kay\u0131plar verdi\u011fine i\u015faret eden Zaoralek; tekfirci ter\u00f6r \u00f6rg\u00fct\u00fcn\u00fcn bu kay\u0131plar\u0131 g\u00f6lgesinde Avrupa devletlerinde daha b\u00fcy\u00fck ter\u00f6r eylemlerinde bulunma ihtimaline dikkat \u00e7ekti.<\/p>\n","protected":false},"excerpt":{"rendered":"<p>PRAG \u2013 \u00c7ek Cumhuriyeti D\u0131\u015fi\u015fleri Bakan\u0131 Lubomir Zaoralek \u00fclkesinin, Suriye&#8217;deki krizin siyasi yollarla \u00e7\u00f6z\u00fcm\u00fcn\u00fc destekledi\u011fini yinelerken fakat bunun I\u015e\u0130D ve di\u011fer ter\u00f6r \u00f6rg\u00fctlerinde silahlar\u0131n kalmas\u0131na izin verme anlam\u0131na gelmedi\u011fini, siyasi \u00e7\u00f6z\u00fcme kat\u0131lma g\u00fcc\u00fcne sahip m\u00fcmk\u00fcn oldu\u011funca b\u00fcy\u00fck bir muhalefet temsilcileri toplama anlam\u0131na geldi\u011fini s\u00f6yledi. \u00c7ek Televizyonunun yay\u0131nlad\u0131\u011f\u0131 m\u00fclakat\u0131nda Zaoralek; Suriye&#8217;deki krizin Avrupa \u00fclkelerinin tan\u0131k olduklar\u0131 &hellip;<\/p>\n","protected":false},"author":1,"featured_media":57206,"comment_status":"closed","ping_status":"closed","sticky":false,"template":"","format":"standard","meta":{"footnotes":""},"categories":[458,459,17988],"tags":[18413,18414,18412],"class_list":["post-57205","post","type-post","status-publish","format-standard","has-post-thumbnail","","category-dunya1","category-haberler-arap-uluslararasi-politika","category-son-haberler","tag-bu-da-esadsiz-olmaz","tag-cek-cumhuriyeti-disisleri-bakani-lubomir-zaoralek","tag-siyasi-cozum-gereklidir"],"_links":{"self":[{"href":"https:\/\/archive.sana.sy\/tr\/index.php?rest_route=\/wp\/v2\/posts\/57205","targetHints":{"allow":["GET"]}}],"collection":[{"href":"https:\/\/archive.sana.sy\/tr\/index.php?rest_route=\/wp\/v2\/posts"}],"about":[{"href":"https:\/\/archive.sana.sy\/tr\/index.php?rest_route=\/wp\/v2\/types\/post"}],"author":[{"embeddable":true,"href":"https:\/\/archive.sana.sy\/tr\/index.php?rest_route=\/wp\/v2\/users\/1"}],"replies":[{"embeddable":true,"href":"https:\/\/archive.sana.sy\/tr\/index.php?rest_route=%2Fwp%2Fv2%2Fcomments&post=57205"}],"version-history":[{"count":0,"href":"https:\/\/archive.sana.sy\/tr\/index.php?rest_route=\/wp\/v2\/posts\/57205\/revisions"}],"wp:featuredmedia":[{"embeddable":true,"href":"https:\/\/archive.sana.sy\/tr\/index.php?rest_route=\/wp\/v2\/media\/57206"}],"wp:attachment":[{"href":"https:\/\/archive.sana.sy\/tr\/index.php?rest_route=%2Fwp%2Fv2%2Fmedia&parent=57205"}],"wp:term":[{"taxonomy":"category","embeddable":true,"href":"https:\/\/archive.sana.sy\/tr\/index.php?rest_route=%2Fwp%2Fv2%2Fcategories&post=57205"},{"taxonomy":"post_tag","embeddable":true,"href":"https:\/\/archive.sana.sy\/tr\/index.php?rest_route=%2Fwp%2Fv2%2Ftags&post=57205"}],"curies":[{"name":"wp","href":"https:\/\/api.w.org\/{rel}","templated":true}]}}