{"id":57208,"date":"2016-01-06T15:42:14","date_gmt":"2016-01-06T13:42:14","guid":{"rendered":"http:\/\/www.sana.sy\/tr\/?p=57208"},"modified":"2016-01-07T16:25:51","modified_gmt":"2016-01-07T14:25:51","slug":"kucuk-ve-orta-olcekli-projeleri-gelistirme-kurumu-teskil-ediliyor","status":"publish","type":"post","link":"https:\/\/archive.sana.sy\/tr\/?p=57208","title":{"rendered":"K\u00fc\u00e7\u00fck ve Orta \u00d6l\u00e7ekli Projeleri Geli\u015ftirme Kurumu Te\u015fkil Ediliyor"},"content":{"rendered":"<p>\u015eAM \u2013 Cumhurba\u015fkan\u0131 Be\u015f\u015far el Esad bug\u00fcn K\u00fc\u00e7\u00fck ve Orta \u00d6l\u00e7ekli Projeleri Geli\u015ftirme Kurumunun te\u015fkil edilmesini \u00f6ng\u00f6ren 2016\/2 say\u0131l\u0131 kanunnameyi onaylad\u0131.<\/p>\n<p>Kanunname gere\u011fince \u00c7al\u0131\u015ft\u0131rma ve Projeleri Geli\u015ftirme Kurumunun yerini alacak s\u00f6z konusu kurumun merkezi \u015eam\u2019da olup illerde \u015fubeleri olacak.<\/p>\n","protected":false},"excerpt":{"rendered":"<p>\u015eAM \u2013 Cumhurba\u015fkan\u0131 Be\u015f\u015far el Esad bug\u00fcn K\u00fc\u00e7\u00fck ve Orta \u00d6l\u00e7ekli Projeleri Geli\u015ftirme Kurumunun te\u015fkil edilmesini \u00f6ng\u00f6ren 2016\/2 say\u0131l\u0131 kanunnameyi onaylad\u0131. Kanunname gere\u011fince \u00c7al\u0131\u015ft\u0131rma ve Projeleri Geli\u015ftirme Kurumunun yerini alacak s\u00f6z konusu kurumun merkezi \u015eam\u2019da olup illerde \u015fubeleri olacak.<\/p>\n","protected":false},"author":1,"featured_media":57015,"comment_status":"closed","ping_status":"closed","sticky":false,"template":"","format":"standard","meta":{"footnotes":""},"categories":[485,486,17988,599],"tags":[18415],"class_list":["post-57208","post","type-post","status-publish","format-standard","has-post-thumbnail","","category-is-ve-sermaye","category-haberler-is-ve-sermaye","category-son-haberler","category-yasama-ve-kanunlar","tag-kucuk-ve-orta-olcekli-projeleri-gelistirme-kurumu-teskil-ediliyor"],"_links":{"self":[{"href":"https:\/\/archive.sana.sy\/tr\/index.php?rest_route=\/wp\/v2\/posts\/57208","targetHints":{"allow":["GET"]}}],"collection":[{"href":"https:\/\/archive.sana.sy\/tr\/index.php?rest_route=\/wp\/v2\/posts"}],"about":[{"href":"https:\/\/archive.sana.sy\/tr\/index.php?rest_route=\/wp\/v2\/types\/post"}],"author":[{"embeddable":true,"href":"https:\/\/archive.sana.sy\/tr\/index.php?rest_route=\/wp\/v2\/users\/1"}],"replies":[{"embeddable":true,"href":"https:\/\/archive.sana.sy\/tr\/index.php?rest_route=%2Fwp%2Fv2%2Fcomments&post=57208"}],"version-history":[{"count":0,"href":"https:\/\/archive.sana.sy\/tr\/index.php?rest_route=\/wp\/v2\/posts\/57208\/revisions"}],"wp:featuredmedia":[{"embeddable":true,"href":"https:\/\/archive.sana.sy\/tr\/index.php?rest_route=\/wp\/v2\/media\/57015"}],"wp:attachment":[{"href":"https:\/\/archive.sana.sy\/tr\/index.php?rest_route=%2Fwp%2Fv2%2Fmedia&parent=57208"}],"wp:term":[{"taxonomy":"category","embeddable":true,"href":"https:\/\/archive.sana.sy\/tr\/index.php?rest_route=%2Fwp%2Fv2%2Fcategories&post=57208"},{"taxonomy":"post_tag","embeddable":true,"href":"https:\/\/archive.sana.sy\/tr\/index.php?rest_route=%2Fwp%2Fv2%2Ftags&post=57208"}],"curies":[{"name":"wp","href":"https:\/\/api.w.org\/{rel}","templated":true}]}}