{"id":57223,"date":"2016-01-07T08:46:17","date_gmt":"2016-01-07T06:46:17","guid":{"rendered":"http:\/\/www.sana.sy\/tr\/?p=57223"},"modified":"2016-01-07T08:46:17","modified_gmt":"2016-01-07T06:46:17","slug":"ihracatcilar-birligi-ulusal-ekonomi-ve-yerel-uretimi-desteklemeyi-surduruyor","status":"publish","type":"post","link":"https:\/\/archive.sana.sy\/tr\/?p=57223","title":{"rendered":"\u0130hracat\u00e7\u0131lar Birli\u011fi Ulusal Ekonomi ve Yerel \u00dcretimi Desteklemeyi S\u00fcrd\u00fcr\u00fcyor"},"content":{"rendered":"<p>\u015eAM \u2013 Ulusal ekonomi ve yerel \u00fcreticileri destekleme misyonunu s\u00fcrd\u00fcren Suriye \u0130hracat\u00e7\u0131lar Birli\u011fi, yeni ihracat ko\u015fullar\u0131 yaratarak \u00e7ift\u00e7ilerin \u00f6n\u00fcn\u00fc a\u00e7maya elma, narenciye ve \u00e7i\u00e7ek gibi \u00fcr\u00fcnlerde piyasaya g\u00fc\u00e7l\u00fc bir taraf olarak girmesini sa\u011flamaya devam ediyor.<\/p>\n<p>Suriye \u0130hracat\u00e7\u0131lar Birli\u011fi Ba\u015fkan\u0131 Muhammed el Sevvah d\u00fcn SANA\u2019ya yapt\u0131\u011f\u0131 a\u00e7\u0131klamada Birli\u011fin 2016 y\u0131l\u0131 i\u00e7in ekonomiyi canland\u0131rmaya ve \u00fcretime ivme kazand\u0131rmaya hizmet edecek projelere odakland\u0131\u011f\u0131n\u0131 beyan etti.<\/p>\n<p>\u00d6nc\u00fc niteli\u011findeki nitelikli Suriye \u00fcr\u00fcnlerini d\u0131\u015f piyasalarda tan\u0131tmak amac\u0131yla farkl\u0131 Arap ve yabanc\u0131 \u00fclkelerin ba\u015fkentlerinde bir\u00e7ok fuar d\u00fczenlendi\u011fine i\u015faret eden Sevvah; bu fuarlara kat\u0131lan Suriyeli y\u00fczlerce \u015firketin b\u00fcy\u00fck bir ilgiyle kar\u015f\u0131land\u0131klar\u0131n\u0131 belirtti.<\/p>\n<p>Sevvah, \u0130hracat\u00e7\u0131lar Birli\u011finin ayr\u0131ca Ekonomi ve D\u0131\u015f Ticaret Bakanl\u0131\u011f\u0131 ve di\u011fer kurumlarla yapt\u0131\u011f\u0131 i\u015fbirli\u011fi ile ihracat faaliyetlerini b\u00fcy\u00fctme \u00e7abas\u0131nda oldu\u011funa dikkat \u00e7ekti.<\/p>\n<p>F.B. &#8211; R.H.<\/p>\n","protected":false},"excerpt":{"rendered":"<p>\u015eAM \u2013 Ulusal ekonomi ve yerel \u00fcreticileri destekleme misyonunu s\u00fcrd\u00fcren Suriye \u0130hracat\u00e7\u0131lar Birli\u011fi, yeni ihracat ko\u015fullar\u0131 yaratarak \u00e7ift\u00e7ilerin \u00f6n\u00fcn\u00fc a\u00e7maya elma, narenciye ve \u00e7i\u00e7ek gibi \u00fcr\u00fcnlerde piyasaya g\u00fc\u00e7l\u00fc bir taraf olarak girmesini sa\u011flamaya devam ediyor. Suriye \u0130hracat\u00e7\u0131lar Birli\u011fi Ba\u015fkan\u0131 Muhammed el Sevvah d\u00fcn SANA\u2019ya yapt\u0131\u011f\u0131 a\u00e7\u0131klamada Birli\u011fin 2016 y\u0131l\u0131 i\u00e7in ekonomiyi canland\u0131rmaya ve \u00fcretime ivme &hellip;<\/p>\n","protected":false},"author":1,"featured_media":57224,"comment_status":"closed","ping_status":"closed","sticky":false,"template":"","format":"standard","meta":{"footnotes":""},"categories":[485,486,17988],"tags":[18418],"class_list":["post-57223","post","type-post","status-publish","format-standard","has-post-thumbnail","","category-is-ve-sermaye","category-haberler-is-ve-sermaye","category-son-haberler","tag-ihracatcilar-birligi-ulusal-ekonomi-ve-yerel-uretimi-desteklemeyi-surduruyor"],"_links":{"self":[{"href":"https:\/\/archive.sana.sy\/tr\/index.php?rest_route=\/wp\/v2\/posts\/57223","targetHints":{"allow":["GET"]}}],"collection":[{"href":"https:\/\/archive.sana.sy\/tr\/index.php?rest_route=\/wp\/v2\/posts"}],"about":[{"href":"https:\/\/archive.sana.sy\/tr\/index.php?rest_route=\/wp\/v2\/types\/post"}],"author":[{"embeddable":true,"href":"https:\/\/archive.sana.sy\/tr\/index.php?rest_route=\/wp\/v2\/users\/1"}],"replies":[{"embeddable":true,"href":"https:\/\/archive.sana.sy\/tr\/index.php?rest_route=%2Fwp%2Fv2%2Fcomments&post=57223"}],"version-history":[{"count":0,"href":"https:\/\/archive.sana.sy\/tr\/index.php?rest_route=\/wp\/v2\/posts\/57223\/revisions"}],"wp:featuredmedia":[{"embeddable":true,"href":"https:\/\/archive.sana.sy\/tr\/index.php?rest_route=\/wp\/v2\/media\/57224"}],"wp:attachment":[{"href":"https:\/\/archive.sana.sy\/tr\/index.php?rest_route=%2Fwp%2Fv2%2Fmedia&parent=57223"}],"wp:term":[{"taxonomy":"category","embeddable":true,"href":"https:\/\/archive.sana.sy\/tr\/index.php?rest_route=%2Fwp%2Fv2%2Fcategories&post=57223"},{"taxonomy":"post_tag","embeddable":true,"href":"https:\/\/archive.sana.sy\/tr\/index.php?rest_route=%2Fwp%2Fv2%2Ftags&post=57223"}],"curies":[{"name":"wp","href":"https:\/\/api.w.org\/{rel}","templated":true}]}}