{"id":57227,"date":"2016-01-07T08:48:37","date_gmt":"2016-01-07T06:48:37","guid":{"rendered":"http:\/\/www.sana.sy\/tr\/?p=57227"},"modified":"2016-01-07T08:48:37","modified_gmt":"2016-01-07T06:48:37","slug":"sear-guvenlik-birimleri-guvenlik-ve-istikrari-saglamak-icin-butun-imkanlari-seferber-ettiler","status":"publish","type":"post","link":"https:\/\/archive.sana.sy\/tr\/?p=57227","title":{"rendered":"\u015eear: G\u00fcvenlik Birimleri G\u00fcvenlik ve \u0130stikrar\u0131 Sa\u011flamak \u0130\u00e7in B\u00fct\u00fcn \u0130mkanlar\u0131 Seferber Ettiler"},"content":{"rendered":"<p>\u015eAM \u2013 \u0130\u00e7i\u015fleri Bakan\u0131 Muhammed el \u015eear, G\u00fcvenlik Komitelerinin Homs ilinde g\u00fcvenlik ve istikrar\u0131 sa\u011flamak i\u00e7in b\u00fct\u00fcn imkanlar\u0131 seferber ederek \u00e7aba harcad\u0131klar\u0131n\u0131 ifade ederek g\u00fcvenlik mensuplar\u0131 ile vatanda\u015flar aras\u0131nda bir i\u015fbirli\u011fi ruhu olu\u015fmas\u0131n\u0131n \u00f6nemine dikkat \u00e7ekti.<\/p>\n<p>Homs Valili\u011finde \u015fehit yak\u0131nlar\u0131 ve gazilerle bir araya gelen \u015eear, askeri ve g\u00fcvenlik birimlerinin vatanda\u015f\u0131n g\u00fcvenli\u011fi ve huzuru i\u00e7in \u00e7al\u0131\u015ft\u0131\u011f\u0131n\u0131 dile getirerek Suriye Arap Ordusu askerlerinin en b\u00fcy\u00fck ve g\u00fc\u00e7l\u00fc dayana\u011f\u0131n\u0131n Suriye halk\u0131 oldu\u011funu vurgulad\u0131.<\/p>\n<p>Ge\u00e7ti\u011fimiz g\u00fcnlerde el Zehra semtinde sivil vatanda\u015flar\u0131 hedef alan ter\u00f6r sald\u0131r\u0131s\u0131nda hayat\u0131n\u0131 kaybeden \u015fehitlerimizin yak\u0131nlar\u0131 ve sald\u0131r\u0131 ma\u011fdurlar\u0131yla \u00f6zel olarak ilgilenen \u015eear; el Zehra semti sakinlerinin ter\u00f6re kar\u015f\u0131 sergiledikleri muazzam direni\u015fe takdirini \u00f6vg\u00fcl\u00fc c\u00fcmlelerle dile getirdi.<\/p>\n<p>Homs Valisi Talal Berazi ise valili\u011fin b\u00fct\u00fcn vatanda\u015flar\u0131n ihtiya\u00e7lar\u0131n\u0131 kar\u015f\u0131lamak i\u00e7in b\u00fcy\u00fck bir \u00e7aba harcad\u0131\u011f\u0131n\u0131 ifade ederek ter\u00f6r\u00fcn Homs ilini hedef alarak ahalinin direni\u015fini k\u0131rmay\u0131 ama\u00e7lad\u0131\u011f\u0131na dikkat \u00e7ekti.<\/p>\n<p>Berazi; Kahraman ordu birliklerimizin \u00fclke genelinde ter\u00f6re kar\u015f\u0131 sa\u011flad\u0131\u011f\u0131 ba\u015far\u0131lar\u0131n tekfirci ter\u00f6re verilebilecek en iyi cevap oldu\u011funun alt\u0131n\u0131 \u00e7izdi.<\/p>\n<p>Ayr\u0131ca Homs Emniyet M\u00fcd\u00fcrl\u00fc\u011f\u00fcnde Polis ve Emniyet Mensuplar\u0131 ile bir araya gelen \u0130\u00e7i\u015fleri Bakan\u0131 \u015eear; emniyet birimlerinin ter\u00f6re kar\u015f\u0131 m\u00fccadelede kahraman ordu birliklerimizin yan\u0131nda yer alarak \u00f6nemli bir misyonu yerine getirdi\u011fini ifade etti.<\/p>\n<p>F.B. &#8211; R.H.<\/p>\n","protected":false},"excerpt":{"rendered":"<p>\u015eAM \u2013 \u0130\u00e7i\u015fleri Bakan\u0131 Muhammed el \u015eear, G\u00fcvenlik Komitelerinin Homs ilinde g\u00fcvenlik ve istikrar\u0131 sa\u011flamak i\u00e7in b\u00fct\u00fcn imkanlar\u0131 seferber ederek \u00e7aba harcad\u0131klar\u0131n\u0131 ifade ederek g\u00fcvenlik mensuplar\u0131 ile vatanda\u015flar aras\u0131nda bir i\u015fbirli\u011fi ruhu olu\u015fmas\u0131n\u0131n \u00f6nemine dikkat \u00e7ekti. Homs Valili\u011finde \u015fehit yak\u0131nlar\u0131 ve gazilerle bir araya gelen \u015eear, askeri ve g\u00fcvenlik birimlerinin vatanda\u015f\u0131n g\u00fcvenli\u011fi ve huzuru i\u00e7in &hellip;<\/p>\n","protected":false},"author":1,"featured_media":57228,"comment_status":"closed","ping_status":"closed","sticky":false,"template":"","format":"standard","meta":{"footnotes":""},"categories":[479,17988,478],"tags":[18419],"class_list":["post-57227","post","type-post","status-publish","format-standard","has-post-thumbnail","","category-haberler-yerel","category-son-haberler","category-yerel","tag-sear-guvenlik-birimleri-guvenlik-ve-istikrari-saglamak-icin-butun-imkanlari-seferber-ettiler"],"_links":{"self":[{"href":"https:\/\/archive.sana.sy\/tr\/index.php?rest_route=\/wp\/v2\/posts\/57227","targetHints":{"allow":["GET"]}}],"collection":[{"href":"https:\/\/archive.sana.sy\/tr\/index.php?rest_route=\/wp\/v2\/posts"}],"about":[{"href":"https:\/\/archive.sana.sy\/tr\/index.php?rest_route=\/wp\/v2\/types\/post"}],"author":[{"embeddable":true,"href":"https:\/\/archive.sana.sy\/tr\/index.php?rest_route=\/wp\/v2\/users\/1"}],"replies":[{"embeddable":true,"href":"https:\/\/archive.sana.sy\/tr\/index.php?rest_route=%2Fwp%2Fv2%2Fcomments&post=57227"}],"version-history":[{"count":0,"href":"https:\/\/archive.sana.sy\/tr\/index.php?rest_route=\/wp\/v2\/posts\/57227\/revisions"}],"wp:featuredmedia":[{"embeddable":true,"href":"https:\/\/archive.sana.sy\/tr\/index.php?rest_route=\/wp\/v2\/media\/57228"}],"wp:attachment":[{"href":"https:\/\/archive.sana.sy\/tr\/index.php?rest_route=%2Fwp%2Fv2%2Fmedia&parent=57227"}],"wp:term":[{"taxonomy":"category","embeddable":true,"href":"https:\/\/archive.sana.sy\/tr\/index.php?rest_route=%2Fwp%2Fv2%2Fcategories&post=57227"},{"taxonomy":"post_tag","embeddable":true,"href":"https:\/\/archive.sana.sy\/tr\/index.php?rest_route=%2Fwp%2Fv2%2Ftags&post=57227"}],"curies":[{"name":"wp","href":"https:\/\/api.w.org\/{rel}","templated":true}]}}