{"id":57230,"date":"2016-01-07T08:52:18","date_gmt":"2016-01-07T06:52:18","guid":{"rendered":"http:\/\/www.sana.sy\/tr\/?p=57230"},"modified":"2016-01-07T08:52:18","modified_gmt":"2016-01-07T06:52:18","slug":"zoubi-suriye-arap-direnis-projesi-olarak-varligini-koruyacaktir","status":"publish","type":"post","link":"https:\/\/archive.sana.sy\/tr\/?p=57230","title":{"rendered":"Zoubi: Suriye Arap Direni\u015f Projesi Olarak Varl\u0131\u011f\u0131n\u0131 Koruyacakt\u0131r"},"content":{"rendered":"<p>\u015eAM \u2013 Enformasyon Bakan\u0131 Omran el Zoubi, Suriye\u2019nin her zaman Arap Direni\u015f Projesi olarak varl\u0131\u011f\u0131n\u0131 koruyaca\u011f\u0131n\u0131 ifade ederek Suriye\u2019nin maruz kald\u0131\u011f\u0131 b\u00fct\u00fcn sald\u0131r\u0131 ve sorunlar\u0131n en \u00f6nemli sebebinin; b\u00fct\u00fcn Arap ulusal davalar\u0131n\u0131 kendi davas\u0131 olarak benimseyip desteklemesi oldu\u011funun alt\u0131n\u0131 \u00e7izdi.<\/p>\n<p>D\u00fcn \u015eam\u2019da Dama Rose Otelinde d\u00fczenlenen Uluslararas\u0131 Gen\u00e7lik Forumuna kat\u0131lan Zoubi, Suriye bas\u0131n\u0131n\u0131n Suriye&#8217;de ya\u015fanan olaylar\u0131n ger\u00e7e\u011fini yans\u0131tarak Bat\u0131l\u0131 y\u00f6neticileri ikna etmek gibi bir amac\u0131 bulunmad\u0131\u011f\u0131n\u0131 as\u0131l amac\u0131n\u0131n d\u00fcnya ve Arap gen\u00e7li\u011fi ba\u015fta olmak \u00fczere b\u00fct\u00fcn kamuoyuna tuza\u011fa d\u00fc\u015fmesini \u00f6nlemek oldu\u011funu ibraz etti.<\/p>\n<p>Suriye ile dayan\u0131\u015fman\u0131n teoride kalmamas\u0131 gerekti\u011fine dikkat \u00e7eken Zoubi; dayan\u0131\u015fma kavram\u0131n\u0131n ya\u015fanmakta olan ger\u00e7eklerin d\u00fcnya kamuoyuna yans\u0131t\u0131lmas\u0131 \u00e7abas\u0131na kat\u0131lmak \u015feklinde ger\u00e7ek hayatta uygulanmas\u0131 gere\u011fini vurgulad\u0131.<\/p>\n<p>Zoubi; maruz kal\u0131nan b\u00fct\u00fcn sald\u0131r\u0131lara ve ekonomik yapt\u0131r\u0131mlara ra\u011fmen Suriye bas\u0131n\u0131n\u0131n ya\u015fanmakta olan ger\u00e7ekleri d\u00fcnyaya yans\u0131tma faaliyetlerinin devam etti\u011fini dile getirdi.<\/p>\n<p>Suriye Devletinin bar\u0131\u015f\u00e7\u0131l her \u00e7\u00f6z\u00fcme a\u00e7\u0131k oldu\u011funa dikkat \u00e7eken Zoubi; ancak hi\u00e7 kimsenin hi\u00e7bir zaman Suriye\u2019nin ve \u015eam\u2019\u0131n anahtar\u0131n\u0131n herhangi bir d\u0131\u015f g\u00fc\u00e7 ya da yabanc\u0131ya teslim edilece\u011fi hayaline kap\u0131lmamas\u0131 gerekti\u011fini vurgulad\u0131.<\/p>\n<p>https:\/\/www.youtube.com\/watch?v=bbJF8GYU8BE<\/p>\n<p>F.B &#8211; R.H.<\/p>\n","protected":false},"excerpt":{"rendered":"<p>\u015eAM \u2013 Enformasyon Bakan\u0131 Omran el Zoubi, Suriye\u2019nin her zaman Arap Direni\u015f Projesi olarak varl\u0131\u011f\u0131n\u0131 koruyaca\u011f\u0131n\u0131 ifade ederek Suriye\u2019nin maruz kald\u0131\u011f\u0131 b\u00fct\u00fcn sald\u0131r\u0131 ve sorunlar\u0131n en \u00f6nemli sebebinin; b\u00fct\u00fcn Arap ulusal davalar\u0131n\u0131 kendi davas\u0131 olarak benimseyip desteklemesi oldu\u011funun alt\u0131n\u0131 \u00e7izdi. D\u00fcn \u015eam\u2019da Dama Rose Otelinde d\u00fczenlenen Uluslararas\u0131 Gen\u00e7lik Forumuna kat\u0131lan Zoubi, Suriye bas\u0131n\u0131n\u0131n Suriye&#8217;de ya\u015fanan &hellip;<\/p>\n","protected":false},"author":1,"featured_media":57231,"comment_status":"closed","ping_status":"closed","sticky":false,"template":"","format":"standard","meta":{"footnotes":""},"categories":[479,17988,478],"tags":[18420],"class_list":["post-57230","post","type-post","status-publish","format-standard","has-post-thumbnail","","category-haberler-yerel","category-son-haberler","category-yerel","tag-zoubi-suriye-arap-direnis-projesi-olarak-varligini-koruyacaktir"],"_links":{"self":[{"href":"https:\/\/archive.sana.sy\/tr\/index.php?rest_route=\/wp\/v2\/posts\/57230","targetHints":{"allow":["GET"]}}],"collection":[{"href":"https:\/\/archive.sana.sy\/tr\/index.php?rest_route=\/wp\/v2\/posts"}],"about":[{"href":"https:\/\/archive.sana.sy\/tr\/index.php?rest_route=\/wp\/v2\/types\/post"}],"author":[{"embeddable":true,"href":"https:\/\/archive.sana.sy\/tr\/index.php?rest_route=\/wp\/v2\/users\/1"}],"replies":[{"embeddable":true,"href":"https:\/\/archive.sana.sy\/tr\/index.php?rest_route=%2Fwp%2Fv2%2Fcomments&post=57230"}],"version-history":[{"count":0,"href":"https:\/\/archive.sana.sy\/tr\/index.php?rest_route=\/wp\/v2\/posts\/57230\/revisions"}],"wp:featuredmedia":[{"embeddable":true,"href":"https:\/\/archive.sana.sy\/tr\/index.php?rest_route=\/wp\/v2\/media\/57231"}],"wp:attachment":[{"href":"https:\/\/archive.sana.sy\/tr\/index.php?rest_route=%2Fwp%2Fv2%2Fmedia&parent=57230"}],"wp:term":[{"taxonomy":"category","embeddable":true,"href":"https:\/\/archive.sana.sy\/tr\/index.php?rest_route=%2Fwp%2Fv2%2Fcategories&post=57230"},{"taxonomy":"post_tag","embeddable":true,"href":"https:\/\/archive.sana.sy\/tr\/index.php?rest_route=%2Fwp%2Fv2%2Ftags&post=57230"}],"curies":[{"name":"wp","href":"https:\/\/api.w.org\/{rel}","templated":true}]}}