{"id":57234,"date":"2016-01-07T09:57:53","date_gmt":"2016-01-07T07:57:53","guid":{"rendered":"http:\/\/www.sana.sy\/tr\/?p=57234"},"modified":"2016-01-07T14:04:49","modified_gmt":"2016-01-07T12:04:49","slug":"57234","status":"publish","type":"post","link":"https:\/\/archive.sana.sy\/tr\/?p=57234","title":{"rendered":"D\u00fcnya Gen\u00e7lik Forumu Kat\u0131l\u0131mc\u0131lar Ortak M\u00fccadeleye \u00c7a\u011f\u0131rd\u0131"},"content":{"rendered":"<p>\u015eAM \u2013 D\u00fcnya Suriye ile Dayan\u0131\u015fma Gen\u00e7lik Forumunun kat\u0131l\u0131mc\u0131lar\u0131 ikinci g\u00fcn oturumlar\u0131nda; Suriye\u2019ye kar\u015f\u0131 komployla m\u00fccadele ama\u00e7l\u0131 olarak tabi olduklar\u0131 h\u00fck\u00fcmetlere bask\u0131 uygulayacak geni\u015f bir cephenin te\u015fkil edilmesi \u00e7a\u011fr\u0131s\u0131nda bulundular.<\/p>\n<p>Forum kat\u0131l\u0131mc\u0131lar\u0131 i\u015fbirlik\u00e7i rejimleri temsil eden, ABD ve m\u00fcttefiklerine tabi olan Arap Birli\u011fi yerine Arap Halk Birli\u011fi ad\u0131 alt\u0131nda bir kurumun te\u015fkil edilmesi gere\u011fini ifade ettiler. Suriye\u2019de ya\u015fananlar\u0131n \u00e7arp\u0131t\u0131lmadan d\u00fcnya kamuoyuna aktar\u0131lmas\u0131 \u00f6nemini vurgulayan kat\u0131l\u0131mc\u0131lar; d\u00fcnya halklar\u0131yla ileti\u015fimi peki\u015ftirecek etkin yollar bulunmas\u0131 gere\u011fini ifade ettiler.<\/p>\n<p>Be\u015f y\u0131la yak\u0131n s\u00fcredir evrensel ter\u00f6re kar\u015f\u0131 m\u00fccadelede Suriye ordusu ile kenetle\u015fen ve omuz omuza vatan\u0131 savunan Suriye halk\u0131yla dayan\u0131\u015fmalar\u0131n\u0131 ifade eden kat\u0131l\u0131mc\u0131lar; Suriye ve halk\u0131na y\u00f6nelik uygulanan kat\u0131 ve kanunsuz ekonomik yapt\u0131r\u0131mlar\u0131n kald\u0131r\u0131lmas\u0131 i\u00e7in d\u00fcnya genelinde etkin kampanyalar ba\u015flat\u0131lmas\u0131 \u00e7a\u011fr\u0131s\u0131nda bulundular. Kat\u0131l\u0131mc\u0131lar ger\u00e7ek sava\u015f durumunun sadece silahlarla de\u011fil, ekonomiyle, ideolojiyle, kalemle ve daha bir\u00e7ok \u015feyle oldu\u011funu belirttiler.<\/p>\n<p>Oturumda yap\u0131lan konu\u015fmalarda Suriye ve halk\u0131na y\u00f6nelik y\u00fcr\u00fct\u00fclen evrensel sava\u015f\u0131n t\u00fcm b\u00f6lge halklar\u0131n\u0131 hedef ald\u0131\u011f\u0131n\u0131n alt\u0131 \u00e7izilirken, bu sava\u015fa kar\u015f\u0131 ortak ve etkin bir m\u00fccadele verilmesi \u00f6neminin alt\u0131n\u0131 \u00e7izdi.<\/p>\n<p>https:\/\/www.youtube.com\/watch?v=LjpSRoD-YEM<\/p>\n","protected":false},"excerpt":{"rendered":"<p>\u015eAM \u2013 D\u00fcnya Suriye ile Dayan\u0131\u015fma Gen\u00e7lik Forumunun kat\u0131l\u0131mc\u0131lar\u0131 ikinci g\u00fcn oturumlar\u0131nda; Suriye\u2019ye kar\u015f\u0131 komployla m\u00fccadele ama\u00e7l\u0131 olarak tabi olduklar\u0131 h\u00fck\u00fcmetlere bask\u0131 uygulayacak geni\u015f bir cephenin te\u015fkil edilmesi \u00e7a\u011fr\u0131s\u0131nda bulundular. Forum kat\u0131l\u0131mc\u0131lar\u0131 i\u015fbirlik\u00e7i rejimleri temsil eden, ABD ve m\u00fcttefiklerine tabi olan Arap Birli\u011fi yerine Arap Halk Birli\u011fi ad\u0131 alt\u0131nda bir kurumun te\u015fkil edilmesi gere\u011fini ifade &hellip;<\/p>\n","protected":false},"author":1,"featured_media":57238,"comment_status":"closed","ping_status":"closed","sticky":false,"template":"","format":"standard","meta":{"footnotes":""},"categories":[18295],"tags":[],"class_list":["post-57234","post","type-post","status-publish","format-standard","has-post-thumbnail","","category-sana-video"],"_links":{"self":[{"href":"https:\/\/archive.sana.sy\/tr\/index.php?rest_route=\/wp\/v2\/posts\/57234","targetHints":{"allow":["GET"]}}],"collection":[{"href":"https:\/\/archive.sana.sy\/tr\/index.php?rest_route=\/wp\/v2\/posts"}],"about":[{"href":"https:\/\/archive.sana.sy\/tr\/index.php?rest_route=\/wp\/v2\/types\/post"}],"author":[{"embeddable":true,"href":"https:\/\/archive.sana.sy\/tr\/index.php?rest_route=\/wp\/v2\/users\/1"}],"replies":[{"embeddable":true,"href":"https:\/\/archive.sana.sy\/tr\/index.php?rest_route=%2Fwp%2Fv2%2Fcomments&post=57234"}],"version-history":[{"count":0,"href":"https:\/\/archive.sana.sy\/tr\/index.php?rest_route=\/wp\/v2\/posts\/57234\/revisions"}],"wp:featuredmedia":[{"embeddable":true,"href":"https:\/\/archive.sana.sy\/tr\/index.php?rest_route=\/wp\/v2\/media\/57238"}],"wp:attachment":[{"href":"https:\/\/archive.sana.sy\/tr\/index.php?rest_route=%2Fwp%2Fv2%2Fmedia&parent=57234"}],"wp:term":[{"taxonomy":"category","embeddable":true,"href":"https:\/\/archive.sana.sy\/tr\/index.php?rest_route=%2Fwp%2Fv2%2Fcategories&post=57234"},{"taxonomy":"post_tag","embeddable":true,"href":"https:\/\/archive.sana.sy\/tr\/index.php?rest_route=%2Fwp%2Fv2%2Ftags&post=57234"}],"curies":[{"name":"wp","href":"https:\/\/api.w.org\/{rel}","templated":true}]}}