{"id":57237,"date":"2016-01-07T11:02:44","date_gmt":"2016-01-07T09:02:44","guid":{"rendered":"http:\/\/www.sana.sy\/tr\/?p=57237"},"modified":"2016-01-07T14:06:30","modified_gmt":"2016-01-07T12:06:30","slug":"sam-universitesi-edebiyat-fakultesi-fransizca-bolumu-yeni-mezunlarina-toren-duzenledi","status":"publish","type":"post","link":"https:\/\/archive.sana.sy\/tr\/?p=57237","title":{"rendered":"\u015eam \u00dcniversitesi Edebiyat Fak\u00fcltesi Frans\u0131zca b\u00f6l\u00fcm\u00fc yeni mezunlar\u0131na t\u00f6ren d\u00fczenledi"},"content":{"rendered":"<p>\u015eam \u00dcniversitesi Edebiyat Fak\u00fcltesi Frans\u0131zca b\u00f6l\u00fcm\u00fc yeni mezunlar\u0131na t\u00f6ren d\u00fczenledi<\/p>\n<p>https:\/\/www.youtube.com\/watch?v=X6GLgclWBKo<\/p>\n","protected":false},"excerpt":{"rendered":"<p>\u015eam \u00dcniversitesi Edebiyat Fak\u00fcltesi Frans\u0131zca b\u00f6l\u00fcm\u00fc yeni mezunlar\u0131na t\u00f6ren d\u00fczenledi https:\/\/www.youtube.com\/watch?v=X6GLgclWBKo<\/p>\n","protected":false},"author":1,"featured_media":57242,"comment_status":"closed","ping_status":"closed","sticky":false,"template":"","format":"standard","meta":{"footnotes":""},"categories":[18295],"tags":[],"class_list":["post-57237","post","type-post","status-publish","format-standard","has-post-thumbnail","","category-sana-video"],"_links":{"self":[{"href":"https:\/\/archive.sana.sy\/tr\/index.php?rest_route=\/wp\/v2\/posts\/57237","targetHints":{"allow":["GET"]}}],"collection":[{"href":"https:\/\/archive.sana.sy\/tr\/index.php?rest_route=\/wp\/v2\/posts"}],"about":[{"href":"https:\/\/archive.sana.sy\/tr\/index.php?rest_route=\/wp\/v2\/types\/post"}],"author":[{"embeddable":true,"href":"https:\/\/archive.sana.sy\/tr\/index.php?rest_route=\/wp\/v2\/users\/1"}],"replies":[{"embeddable":true,"href":"https:\/\/archive.sana.sy\/tr\/index.php?rest_route=%2Fwp%2Fv2%2Fcomments&post=57237"}],"version-history":[{"count":0,"href":"https:\/\/archive.sana.sy\/tr\/index.php?rest_route=\/wp\/v2\/posts\/57237\/revisions"}],"wp:featuredmedia":[{"embeddable":true,"href":"https:\/\/archive.sana.sy\/tr\/index.php?rest_route=\/wp\/v2\/media\/57242"}],"wp:attachment":[{"href":"https:\/\/archive.sana.sy\/tr\/index.php?rest_route=%2Fwp%2Fv2%2Fmedia&parent=57237"}],"wp:term":[{"taxonomy":"category","embeddable":true,"href":"https:\/\/archive.sana.sy\/tr\/index.php?rest_route=%2Fwp%2Fv2%2Fcategories&post=57237"},{"taxonomy":"post_tag","embeddable":true,"href":"https:\/\/archive.sana.sy\/tr\/index.php?rest_route=%2Fwp%2Fv2%2Ftags&post=57237"}],"curies":[{"name":"wp","href":"https:\/\/api.w.org\/{rel}","templated":true}]}}