{"id":5724,"date":"2014-07-23T13:22:38","date_gmt":"2014-07-23T10:22:38","guid":{"rendered":"http:\/\/www.sana.sy\/tr\/?p=5724"},"modified":"2014-07-23T13:22:38","modified_gmt":"2014-07-23T10:22:38","slug":"siyonist-israil-tunusta-selefileri-finanse-ediyor","status":"publish","type":"post","link":"https:\/\/archive.sana.sy\/tr\/?p=5724","title":{"rendered":"Siyonist \u0130srail Tunus\u2019ta Selefileri Finanse Ediyor"},"content":{"rendered":"<p>TUNUS \u2013 Tunuslu haftal\u0131k \u2018Ahir Haber\u2019 (Son Haber) Gazetesi; Tunus otoritelerinin, siyonist \u0130srail\u2019in Tunus&#8217;ta selefi ve radikal \u0130slamc\u0131 gruplara g\u00f6nderdi\u011fi para havalelerine el koydu\u011funu ortaya \u00e7\u0131kard\u0131.<\/p>\n<p>Gazete bug\u00fcnk\u00fc say\u0131s\u0131nda yay\u0131nlad\u0131\u011f\u0131 haberde Siyonist \u0130srail&#8217;in Tunus&#8217;ta aralar\u0131nda gen\u00e7 bir k\u0131z\u0131n bulundu\u011fu Selefi \u00f6rg\u00fctlere g\u00f6nderdi\u011fi para havalelerinin Tunus g\u00fcvenlik birimleri taraf\u0131ndan ortaya \u00e7\u0131kar\u0131ld\u0131\u011f\u0131n\u0131 aktar\u0131rken, g\u00fcvenlik birimlerinin para havalelerine el koydu\u011funu aktard\u0131.<\/p>\n<p>Bu arada Tunus \u0130\u00e7i\u015fleri Bakanl\u0131\u011f\u0131 ge\u00e7en Mart ay\u0131nda Arap k\u00f6rfez \u00fclkelerinin yan\u0131 s\u0131ra Libya ve Yemen\u2019den Tunus\u2019taki radikal \u0130slamc\u0131lara finans olarak g\u00f6nderilen b\u00fcy\u00fck miktarda d\u00f6vize el koyuldu\u011funu a\u00e7\u0131klam\u0131\u015ft\u0131.<\/p>\n","protected":false},"excerpt":{"rendered":"<p>TUNUS \u2013 Tunuslu haftal\u0131k \u2018Ahir Haber\u2019 (Son Haber) Gazetesi; Tunus otoritelerinin, siyonist \u0130srail\u2019in Tunus&#8217;ta selefi ve radikal \u0130slamc\u0131 gruplara g\u00f6nderdi\u011fi para havalelerine el koydu\u011funu ortaya \u00e7\u0131kard\u0131. Gazete bug\u00fcnk\u00fc say\u0131s\u0131nda yay\u0131nlad\u0131\u011f\u0131 haberde Siyonist \u0130srail&#8217;in Tunus&#8217;ta aralar\u0131nda gen\u00e7 bir k\u0131z\u0131n bulundu\u011fu Selefi \u00f6rg\u00fctlere g\u00f6nderdi\u011fi para havalelerinin Tunus g\u00fcvenlik birimleri taraf\u0131ndan ortaya \u00e7\u0131kar\u0131ld\u0131\u011f\u0131n\u0131 aktar\u0131rken, g\u00fcvenlik birimlerinin para havalelerine &hellip;<\/p>\n","protected":false},"author":1,"featured_media":5725,"comment_status":"closed","ping_status":"closed","sticky":false,"template":"","format":"standard","meta":{"footnotes":""},"categories":[458,459,447],"tags":[1252],"class_list":["post-5724","post","type-post","status-publish","format-standard","has-post-thumbnail","","category-dunya1","category-haberler-arap-uluslararasi-politika","category-politika","tag-siyonist-israil-tunusta-selefileri-finanse-ediyor"],"_links":{"self":[{"href":"https:\/\/archive.sana.sy\/tr\/index.php?rest_route=\/wp\/v2\/posts\/5724","targetHints":{"allow":["GET"]}}],"collection":[{"href":"https:\/\/archive.sana.sy\/tr\/index.php?rest_route=\/wp\/v2\/posts"}],"about":[{"href":"https:\/\/archive.sana.sy\/tr\/index.php?rest_route=\/wp\/v2\/types\/post"}],"author":[{"embeddable":true,"href":"https:\/\/archive.sana.sy\/tr\/index.php?rest_route=\/wp\/v2\/users\/1"}],"replies":[{"embeddable":true,"href":"https:\/\/archive.sana.sy\/tr\/index.php?rest_route=%2Fwp%2Fv2%2Fcomments&post=5724"}],"version-history":[{"count":0,"href":"https:\/\/archive.sana.sy\/tr\/index.php?rest_route=\/wp\/v2\/posts\/5724\/revisions"}],"wp:featuredmedia":[{"embeddable":true,"href":"https:\/\/archive.sana.sy\/tr\/index.php?rest_route=\/wp\/v2\/media\/5725"}],"wp:attachment":[{"href":"https:\/\/archive.sana.sy\/tr\/index.php?rest_route=%2Fwp%2Fv2%2Fmedia&parent=5724"}],"wp:term":[{"taxonomy":"category","embeddable":true,"href":"https:\/\/archive.sana.sy\/tr\/index.php?rest_route=%2Fwp%2Fv2%2Fcategories&post=5724"},{"taxonomy":"post_tag","embeddable":true,"href":"https:\/\/archive.sana.sy\/tr\/index.php?rest_route=%2Fwp%2Fv2%2Ftags&post=5724"}],"curies":[{"name":"wp","href":"https:\/\/api.w.org\/{rel}","templated":true}]}}