{"id":57245,"date":"2016-01-07T12:00:06","date_gmt":"2016-01-07T10:00:06","guid":{"rendered":"http:\/\/www.sana.sy\/tr\/?p=57245"},"modified":"2016-01-07T14:09:50","modified_gmt":"2016-01-07T12:09:50","slug":"vakiflar-bakani-dini-genclik-heyetiyle-bir-araya-geldi","status":"publish","type":"post","link":"https:\/\/archive.sana.sy\/tr\/?p=57245","title":{"rendered":"Vak\u0131flar Bakan\u0131 dini gen\u00e7lik heyetiyle bir araya geldi"},"content":{"rendered":"<p>Vak\u0131flar Bakan\u0131 dini gen\u00e7lik heyetiyle bir araya geldi<\/p>\n<p>https:\/\/www.youtube.com\/watch?v=mjKf6X5SMgo<\/p>\n","protected":false},"excerpt":{"rendered":"<p>Vak\u0131flar Bakan\u0131 dini gen\u00e7lik heyetiyle bir araya geldi https:\/\/www.youtube.com\/watch?v=mjKf6X5SMgo<\/p>\n","protected":false},"author":1,"featured_media":57247,"comment_status":"closed","ping_status":"closed","sticky":false,"template":"","format":"standard","meta":{"footnotes":""},"categories":[18295],"tags":[],"class_list":["post-57245","post","type-post","status-publish","format-standard","has-post-thumbnail","","category-sana-video"],"_links":{"self":[{"href":"https:\/\/archive.sana.sy\/tr\/index.php?rest_route=\/wp\/v2\/posts\/57245","targetHints":{"allow":["GET"]}}],"collection":[{"href":"https:\/\/archive.sana.sy\/tr\/index.php?rest_route=\/wp\/v2\/posts"}],"about":[{"href":"https:\/\/archive.sana.sy\/tr\/index.php?rest_route=\/wp\/v2\/types\/post"}],"author":[{"embeddable":true,"href":"https:\/\/archive.sana.sy\/tr\/index.php?rest_route=\/wp\/v2\/users\/1"}],"replies":[{"embeddable":true,"href":"https:\/\/archive.sana.sy\/tr\/index.php?rest_route=%2Fwp%2Fv2%2Fcomments&post=57245"}],"version-history":[{"count":0,"href":"https:\/\/archive.sana.sy\/tr\/index.php?rest_route=\/wp\/v2\/posts\/57245\/revisions"}],"wp:featuredmedia":[{"embeddable":true,"href":"https:\/\/archive.sana.sy\/tr\/index.php?rest_route=\/wp\/v2\/media\/57247"}],"wp:attachment":[{"href":"https:\/\/archive.sana.sy\/tr\/index.php?rest_route=%2Fwp%2Fv2%2Fmedia&parent=57245"}],"wp:term":[{"taxonomy":"category","embeddable":true,"href":"https:\/\/archive.sana.sy\/tr\/index.php?rest_route=%2Fwp%2Fv2%2Fcategories&post=57245"},{"taxonomy":"post_tag","embeddable":true,"href":"https:\/\/archive.sana.sy\/tr\/index.php?rest_route=%2Fwp%2Fv2%2Ftags&post=57245"}],"curies":[{"name":"wp","href":"https:\/\/api.w.org\/{rel}","templated":true}]}}