{"id":57249,"date":"2016-01-07T14:14:56","date_gmt":"2016-01-07T12:14:56","guid":{"rendered":"http:\/\/www.sana.sy\/tr\/?p=57249"},"modified":"2016-01-07T14:14:56","modified_gmt":"2016-01-07T12:14:56","slug":"ortak-plastik-sanat-sergisi","status":"publish","type":"post","link":"https:\/\/archive.sana.sy\/tr\/?p=57249","title":{"rendered":"Ortak Plastik Sanat Sergisi"},"content":{"rendered":"<p>\u015eAM &#8211; Plastik sanat ressamlar\u0131 Cumana \u015euca ve Ne\u015fat el Halebi Revak el Arabi Galerisinde ortak sergi d\u00fczenliyor.<\/p>\n<p>https:\/\/www.youtube.com\/watch?v=mo6CgjfTriE<\/p>\n","protected":false},"excerpt":{"rendered":"<p>\u015eAM &#8211; Plastik sanat ressamlar\u0131 Cumana \u015euca ve Ne\u015fat el Halebi Revak el Arabi Galerisinde ortak sergi d\u00fczenliyor. https:\/\/www.youtube.com\/watch?v=mo6CgjfTriE<\/p>\n","protected":false},"author":1,"featured_media":57254,"comment_status":"closed","ping_status":"closed","sticky":false,"template":"","format":"standard","meta":{"footnotes":""},"categories":[18295],"tags":[],"class_list":["post-57249","post","type-post","status-publish","format-standard","has-post-thumbnail","","category-sana-video"],"_links":{"self":[{"href":"https:\/\/archive.sana.sy\/tr\/index.php?rest_route=\/wp\/v2\/posts\/57249","targetHints":{"allow":["GET"]}}],"collection":[{"href":"https:\/\/archive.sana.sy\/tr\/index.php?rest_route=\/wp\/v2\/posts"}],"about":[{"href":"https:\/\/archive.sana.sy\/tr\/index.php?rest_route=\/wp\/v2\/types\/post"}],"author":[{"embeddable":true,"href":"https:\/\/archive.sana.sy\/tr\/index.php?rest_route=\/wp\/v2\/users\/1"}],"replies":[{"embeddable":true,"href":"https:\/\/archive.sana.sy\/tr\/index.php?rest_route=%2Fwp%2Fv2%2Fcomments&post=57249"}],"version-history":[{"count":0,"href":"https:\/\/archive.sana.sy\/tr\/index.php?rest_route=\/wp\/v2\/posts\/57249\/revisions"}],"wp:featuredmedia":[{"embeddable":true,"href":"https:\/\/archive.sana.sy\/tr\/index.php?rest_route=\/wp\/v2\/media\/57254"}],"wp:attachment":[{"href":"https:\/\/archive.sana.sy\/tr\/index.php?rest_route=%2Fwp%2Fv2%2Fmedia&parent=57249"}],"wp:term":[{"taxonomy":"category","embeddable":true,"href":"https:\/\/archive.sana.sy\/tr\/index.php?rest_route=%2Fwp%2Fv2%2Fcategories&post=57249"},{"taxonomy":"post_tag","embeddable":true,"href":"https:\/\/archive.sana.sy\/tr\/index.php?rest_route=%2Fwp%2Fv2%2Ftags&post=57249"}],"curies":[{"name":"wp","href":"https:\/\/api.w.org\/{rel}","templated":true}]}}