{"id":57259,"date":"2016-01-07T14:37:19","date_gmt":"2016-01-07T12:37:19","guid":{"rendered":"http:\/\/www.sana.sy\/tr\/?p=57259"},"modified":"2016-01-07T14:37:19","modified_gmt":"2016-01-07T12:37:19","slug":"sam-kirsali-dogu-guta-bolgesinde-suudi-rejiminin-finans-ve-yonlendirmeleriyle-faaliyet-gosteren-tekfirci-islam-ordusu-teror-ceteleri-baskent-samin-muhtelif-sivil-yerlesim-al","status":"publish","type":"post","link":"https:\/\/archive.sana.sy\/tr\/?p=57259","title":{"rendered":"\u015eam k\u0131rsal\u0131 Do\u011fu \u011euta B\u00f6lgesinde Suudi rejiminin finans ve y\u00f6nlendirmeleriyle faaliyet g\u00f6steren tekfirci \u2018\u0130slam Ordusu\u2019 ter\u00f6r \u00e7eteleri ba\u015fkent \u015eam\u2019\u0131n muhtelif sivil yerle\u015fim alanlar\u0131n\u0131 yine geli\u015fig\u00fczel gaddar f\u00fczelerle hedef ald\u0131"},"content":{"rendered":"<p>\u015eam k\u0131rsal\u0131 Do\u011fu \u011euta B\u00f6lgesinde Suudi rejiminin finans ve y\u00f6nlendirmeleriyle faaliyet g\u00f6steren tekfirci \u2018\u0130slam Ordusu\u2019 ter\u00f6r \u00e7eteleri ba\u015fkent \u015eam\u2019\u0131n muhtelif sivil yerle\u015fim alanlar\u0131n\u0131 yine geli\u015fig\u00fczel gaddar f\u00fczelerle hedef ald\u0131<\/p>\n","protected":false},"excerpt":{"rendered":"<p>\u015eam k\u0131rsal\u0131 Do\u011fu \u011euta B\u00f6lgesinde Suudi rejiminin finans ve y\u00f6nlendirmeleriyle faaliyet g\u00f6steren tekfirci \u2018\u0130slam Ordusu\u2019 ter\u00f6r \u00e7eteleri ba\u015fkent \u015eam\u2019\u0131n muhtelif sivil yerle\u015fim alanlar\u0131n\u0131 yine geli\u015fig\u00fczel gaddar f\u00fczelerle hedef ald\u0131<\/p>\n","protected":false},"author":1,"featured_media":0,"comment_status":"closed","ping_status":"closed","sticky":false,"template":"","format":"standard","meta":{"footnotes":""},"categories":[17991],"tags":[],"class_list":["post-57259","post","type-post","status-publish","format-standard","","category-son-dakika"],"_links":{"self":[{"href":"https:\/\/archive.sana.sy\/tr\/index.php?rest_route=\/wp\/v2\/posts\/57259","targetHints":{"allow":["GET"]}}],"collection":[{"href":"https:\/\/archive.sana.sy\/tr\/index.php?rest_route=\/wp\/v2\/posts"}],"about":[{"href":"https:\/\/archive.sana.sy\/tr\/index.php?rest_route=\/wp\/v2\/types\/post"}],"author":[{"embeddable":true,"href":"https:\/\/archive.sana.sy\/tr\/index.php?rest_route=\/wp\/v2\/users\/1"}],"replies":[{"embeddable":true,"href":"https:\/\/archive.sana.sy\/tr\/index.php?rest_route=%2Fwp%2Fv2%2Fcomments&post=57259"}],"version-history":[{"count":0,"href":"https:\/\/archive.sana.sy\/tr\/index.php?rest_route=\/wp\/v2\/posts\/57259\/revisions"}],"wp:attachment":[{"href":"https:\/\/archive.sana.sy\/tr\/index.php?rest_route=%2Fwp%2Fv2%2Fmedia&parent=57259"}],"wp:term":[{"taxonomy":"category","embeddable":true,"href":"https:\/\/archive.sana.sy\/tr\/index.php?rest_route=%2Fwp%2Fv2%2Fcategories&post=57259"},{"taxonomy":"post_tag","embeddable":true,"href":"https:\/\/archive.sana.sy\/tr\/index.php?rest_route=%2Fwp%2Fv2%2Ftags&post=57259"}],"curies":[{"name":"wp","href":"https:\/\/api.w.org\/{rel}","templated":true}]}}