{"id":57263,"date":"2016-01-07T14:41:51","date_gmt":"2016-01-07T12:41:51","guid":{"rendered":"http:\/\/www.sana.sy\/tr\/?p=57263"},"modified":"2016-01-07T14:41:51","modified_gmt":"2016-01-07T12:41:51","slug":"yeni-kurumun-calisma-mekanizmasini-belirleyecek-komite-kuruldu","status":"publish","type":"post","link":"https:\/\/archive.sana.sy\/tr\/?p=57263","title":{"rendered":"Yeni Kurumun \u00c7al\u0131\u015fma Mekanizmas\u0131n\u0131 Belirleyecek Komite Kuruldu"},"content":{"rendered":"<p>\u015eAM \u2013 Ekonomi ve D\u0131\u015f Ticaret Bakan\u0131 H\u00fcmam el Cezairi bug\u00fcn; Cumhurba\u015fkan\u0131 Be\u015f\u015far el Esad\u2019\u0131n d\u00fcn onaylad\u0131\u011f\u0131 2016\/2 say\u0131l\u0131 kararnameyle te\u015fkil edilen K\u00fc\u00e7\u00fck ve Orta \u00d6l\u00e7ekli Projeleri Geli\u015ftirme Kurumunun \u00e7al\u0131\u015fma mekanizmas\u0131n\u0131 belirleyecek uzman bir komitenin kurulmas\u0131n\u0131 \u00f6ng\u00f6ren 2016\/12 say\u0131l\u0131 karar\u0131 onaylad\u0131.<\/p>\n<p>Kararda komite; s\u00f6z konusu kurumun idari profilinin \u00e7al\u0131\u015fma sistemiyle birlikte daha \u00f6nceden mevcut \u00c7al\u0131\u015ft\u0131rma ve Projeleri Kalk\u0131nd\u0131rma Kurumu \u00e7al\u0131\u015fanlar\u0131n\u0131n durum ve performans\u0131n\u0131 de\u011ferlendirmekle m\u00fckellef k\u0131l\u0131nd\u0131.<\/p>\n","protected":false},"excerpt":{"rendered":"<p>\u015eAM \u2013 Ekonomi ve D\u0131\u015f Ticaret Bakan\u0131 H\u00fcmam el Cezairi bug\u00fcn; Cumhurba\u015fkan\u0131 Be\u015f\u015far el Esad\u2019\u0131n d\u00fcn onaylad\u0131\u011f\u0131 2016\/2 say\u0131l\u0131 kararnameyle te\u015fkil edilen K\u00fc\u00e7\u00fck ve Orta \u00d6l\u00e7ekli Projeleri Geli\u015ftirme Kurumunun \u00e7al\u0131\u015fma mekanizmas\u0131n\u0131 belirleyecek uzman bir komitenin kurulmas\u0131n\u0131 \u00f6ng\u00f6ren 2016\/12 say\u0131l\u0131 karar\u0131 onaylad\u0131. Kararda komite; s\u00f6z konusu kurumun idari profilinin \u00e7al\u0131\u015fma sistemiyle birlikte daha \u00f6nceden mevcut \u00c7al\u0131\u015ft\u0131rma &hellip;<\/p>\n","protected":false},"author":1,"featured_media":57267,"comment_status":"closed","ping_status":"closed","sticky":false,"template":"","format":"standard","meta":{"footnotes":""},"categories":[485,486,17988],"tags":[18421,16361,18422],"class_list":["post-57263","post","type-post","status-publish","format-standard","has-post-thumbnail","","category-is-ve-sermaye","category-haberler-is-ve-sermaye","category-son-haberler","tag-ekonomi-bakani","tag-ekonomi-ve-dis-ticaret-bakani-humam-el-cezairi","tag-kucuk-ve-orta-olcekli-projeleri-gelistirme-kurumunun"],"_links":{"self":[{"href":"https:\/\/archive.sana.sy\/tr\/index.php?rest_route=\/wp\/v2\/posts\/57263","targetHints":{"allow":["GET"]}}],"collection":[{"href":"https:\/\/archive.sana.sy\/tr\/index.php?rest_route=\/wp\/v2\/posts"}],"about":[{"href":"https:\/\/archive.sana.sy\/tr\/index.php?rest_route=\/wp\/v2\/types\/post"}],"author":[{"embeddable":true,"href":"https:\/\/archive.sana.sy\/tr\/index.php?rest_route=\/wp\/v2\/users\/1"}],"replies":[{"embeddable":true,"href":"https:\/\/archive.sana.sy\/tr\/index.php?rest_route=%2Fwp%2Fv2%2Fcomments&post=57263"}],"version-history":[{"count":0,"href":"https:\/\/archive.sana.sy\/tr\/index.php?rest_route=\/wp\/v2\/posts\/57263\/revisions"}],"wp:featuredmedia":[{"embeddable":true,"href":"https:\/\/archive.sana.sy\/tr\/index.php?rest_route=\/wp\/v2\/media\/57267"}],"wp:attachment":[{"href":"https:\/\/archive.sana.sy\/tr\/index.php?rest_route=%2Fwp%2Fv2%2Fmedia&parent=57263"}],"wp:term":[{"taxonomy":"category","embeddable":true,"href":"https:\/\/archive.sana.sy\/tr\/index.php?rest_route=%2Fwp%2Fv2%2Fcategories&post=57263"},{"taxonomy":"post_tag","embeddable":true,"href":"https:\/\/archive.sana.sy\/tr\/index.php?rest_route=%2Fwp%2Fv2%2Ftags&post=57263"}],"curies":[{"name":"wp","href":"https:\/\/api.w.org\/{rel}","templated":true}]}}