{"id":57266,"date":"2016-01-07T14:49:00","date_gmt":"2016-01-07T12:49:00","guid":{"rendered":"http:\/\/www.sana.sy\/tr\/?p=57266"},"modified":"2016-01-08T17:34:10","modified_gmt":"2016-01-08T15:34:10","slug":"yerel-uretim-ve-ihracati-destekleme-ve-kalkindirma-kurumu-kuruluyor","status":"publish","type":"post","link":"https:\/\/archive.sana.sy\/tr\/?p=57266","title":{"rendered":"Yerel \u00dcretim ve \u0130hracat\u0131 Destekleme ve Kalk\u0131nd\u0131rma Kurumu Kuruluyor"},"content":{"rendered":"<p>\u015eAM \u2013 Cumhurba\u015fkan\u0131 Be\u015f\u015far el Esad bug\u00fcn yerel \u00fcretim ve ihracat\u0131 kalk\u0131nd\u0131rma amac\u0131yla Yerel \u00dcretim ve \u0130hracat\u0131 Destekleme ve Kalk\u0131nd\u0131rma Kurumunun te\u015fkil edilmesini \u00f6ng\u00f6ren 2016\/3 say\u0131l\u0131 kanunnameyi onaylad\u0131.<\/p>\n<p>Mevcut \u0130hracat\u0131 Kalk\u0131nd\u0131rma ve Pazarlama Kurumunun yerini alacak s\u00f6z konusu yeni kurumun te\u015fkil edilmesini \u00f6ng\u00f6ren s\u00f6z konusu kanunname tasar\u0131s\u0131 Halk Meclisinin 29-12-2015 tarihli oturumunda milletvekilleri taraf\u0131ndan tart\u0131\u015f\u0131l\u0131p karara ba\u011flanmas\u0131 ard\u0131ndan Cumhurba\u015fkanl\u0131\u011f\u0131na sevk edilmi\u015fti.<\/p>\n","protected":false},"excerpt":{"rendered":"<p>\u015eAM \u2013 Cumhurba\u015fkan\u0131 Be\u015f\u015far el Esad bug\u00fcn yerel \u00fcretim ve ihracat\u0131 kalk\u0131nd\u0131rma amac\u0131yla Yerel \u00dcretim ve \u0130hracat\u0131 Destekleme ve Kalk\u0131nd\u0131rma Kurumunun te\u015fkil edilmesini \u00f6ng\u00f6ren 2016\/3 say\u0131l\u0131 kanunnameyi onaylad\u0131. Mevcut \u0130hracat\u0131 Kalk\u0131nd\u0131rma ve Pazarlama Kurumunun yerini alacak s\u00f6z konusu yeni kurumun te\u015fkil edilmesini \u00f6ng\u00f6ren s\u00f6z konusu kanunname tasar\u0131s\u0131 Halk Meclisinin 29-12-2015 tarihli oturumunda milletvekilleri taraf\u0131ndan tart\u0131\u015f\u0131l\u0131p &hellip;<\/p>\n","protected":false},"author":1,"featured_media":57271,"comment_status":"closed","ping_status":"closed","sticky":false,"template":"","format":"standard","meta":{"footnotes":""},"categories":[485,486,605,17988,612,599],"tags":[17256,8767,18423],"class_list":["post-57266","post","type-post","status-publish","format-standard","has-post-thumbnail","","category-is-ve-sermaye","category-haberler-is-ve-sermaye","category-sayin-cumhurbaskani","category-son-haberler","category-yasama-kararnameler","category-yasama-ve-kanunlar","tag-bessar-el-esad","tag-cumhurbaskani","tag-kanunname"],"_links":{"self":[{"href":"https:\/\/archive.sana.sy\/tr\/index.php?rest_route=\/wp\/v2\/posts\/57266","targetHints":{"allow":["GET"]}}],"collection":[{"href":"https:\/\/archive.sana.sy\/tr\/index.php?rest_route=\/wp\/v2\/posts"}],"about":[{"href":"https:\/\/archive.sana.sy\/tr\/index.php?rest_route=\/wp\/v2\/types\/post"}],"author":[{"embeddable":true,"href":"https:\/\/archive.sana.sy\/tr\/index.php?rest_route=\/wp\/v2\/users\/1"}],"replies":[{"embeddable":true,"href":"https:\/\/archive.sana.sy\/tr\/index.php?rest_route=%2Fwp%2Fv2%2Fcomments&post=57266"}],"version-history":[{"count":0,"href":"https:\/\/archive.sana.sy\/tr\/index.php?rest_route=\/wp\/v2\/posts\/57266\/revisions"}],"wp:featuredmedia":[{"embeddable":true,"href":"https:\/\/archive.sana.sy\/tr\/index.php?rest_route=\/wp\/v2\/media\/57271"}],"wp:attachment":[{"href":"https:\/\/archive.sana.sy\/tr\/index.php?rest_route=%2Fwp%2Fv2%2Fmedia&parent=57266"}],"wp:term":[{"taxonomy":"category","embeddable":true,"href":"https:\/\/archive.sana.sy\/tr\/index.php?rest_route=%2Fwp%2Fv2%2Fcategories&post=57266"},{"taxonomy":"post_tag","embeddable":true,"href":"https:\/\/archive.sana.sy\/tr\/index.php?rest_route=%2Fwp%2Fv2%2Ftags&post=57266"}],"curies":[{"name":"wp","href":"https:\/\/api.w.org\/{rel}","templated":true}]}}