{"id":57273,"date":"2016-01-07T15:02:10","date_gmt":"2016-01-07T13:02:10","guid":{"rendered":"http:\/\/www.sana.sy\/tr\/?p=57273"},"modified":"2016-01-07T15:02:10","modified_gmt":"2016-01-07T13:02:10","slug":"genclerin-ideolojik-uyanisini-gerektiriyor","status":"publish","type":"post","link":"https:\/\/archive.sana.sy\/tr\/?p=57273","title":{"rendered":"Gen\u00e7lerin \u0130deolojik Uyan\u0131\u015f\u0131n\u0131 Gerektiriyor"},"content":{"rendered":"<p>\u015eAM \u2013 Cumhuriyet Ba\u015f M\u00fcft\u00fcs\u00fc Ahmet Bedrettin Hassun bug\u00fcn Suriye&#8217;nin; d\u0131\u015f g\u00fc\u00e7lerin patronajl\u0131\u011f\u0131ndaki ter\u00f6r \u00f6rg\u00fctlere kar\u015f\u0131 sava\u015f\u0131nda sadece kendisini savunmad\u0131\u011f\u0131n\u0131, t\u00fcm d\u00fcnya halklar\u0131 ve gen\u00e7leri savundu\u011funu belirtti. Hassun Suriye&#8217;nin insani medeniyet ve gen\u00e7lerin gelece\u011fini savundu\u011funu ifade etti.<\/p>\n<p><img loading=\"lazy\" decoding=\"async\" class=\"alignright wp-image-57275 size-medium\" src=\"http:\/\/www.sana.sy\/tr\/wp-content\/uploads\/2016\/01\/1-17-300x168.jpg\" alt=\"1\" width=\"300\" height=\"168\" srcset=\"https:\/\/archive.sana.sy\/tr\/wp-content\/uploads\/2016\/01\/1-17-300x168.jpg 300w, https:\/\/archive.sana.sy\/tr\/wp-content\/uploads\/2016\/01\/1-17-150x84.jpg 150w, https:\/\/archive.sana.sy\/tr\/wp-content\/uploads\/2016\/01\/1-17.jpg 660w\" sizes=\"auto, (max-width: 300px) 100vw, 300px\" \/>Aralar\u0131nda T\u00fcrkiye&#8217;nin de bulundu\u011fu 20 devletten gen\u00e7lik heyetlerinin kat\u0131l\u0131m\u0131yla \u015eam\u2019da iki g\u00fcn s\u00fcreyle d\u00fczenlenen D\u00fcnya Suriye ile Dayan\u0131\u015fma Gen\u00e7lik Forumu kat\u0131l\u0131mc\u0131lar\u0131yla bir araya gelen M\u00fcfst\u00fc Hassun; d\u00fcnyan\u0131n bu s\u00fcre\u00e7 i\u00e7inde tan\u0131k oldu\u011fu olaylar\u0131n gen\u00e7lerin ideolojik uyan\u0131\u015f\u0131n\u0131 ve teyakkuzunu gerektirdi\u011fini belirtti. Hassun gen\u00e7lerin vatanlar\u0131n\u0131, geleceklerini, medeniyetlerini ve k\u00fclt\u00fcrlerini savunmak i\u00e7in daha etkin bir rol oynamalar\u0131 gerekti\u011finin alt\u0131n\u0131 \u00e7izdi.<\/p>\n<p><img loading=\"lazy\" decoding=\"async\" class=\"alignright wp-image-57276 size-medium\" src=\"http:\/\/www.sana.sy\/tr\/wp-content\/uploads\/2016\/01\/2-9-300x168.jpg\" alt=\"2\" width=\"300\" height=\"168\" srcset=\"https:\/\/archive.sana.sy\/tr\/wp-content\/uploads\/2016\/01\/2-9-300x168.jpg 300w, https:\/\/archive.sana.sy\/tr\/wp-content\/uploads\/2016\/01\/2-9-150x84.jpg 150w, https:\/\/archive.sana.sy\/tr\/wp-content\/uploads\/2016\/01\/2-9.jpg 660w\" sizes=\"auto, (max-width: 300px) 100vw, 300px\" \/>Suriye&#8217;nin her daim ho\u015fg\u00f6r\u00fc, karde\u015flik, bar\u0131\u015f ve ortak ya\u015fam\u0131n sembol\u00fc olmaya devam edece\u011fini ifade eden Hassun; Suriye&#8217;nin halk\u0131, ordusu ve y\u00f6netimiyle ter\u00f6re kar\u015f\u0131 sava\u015fta birlik beraberlik i\u00e7inde birbirine kenetlendi\u011fini belirtti.<\/p>\n<p>Gen\u00e7lik heyetleri Suriye&#8217;nin d\u00fcnyada emperyalist, siyonist ve s\u00f6m\u00fcr\u00fcc\u00fc g\u00fc\u00e7ler taraf\u0131ndan desteklenen evrensel bir ter\u00f6re maruz kald\u0131\u011f\u0131n\u0131 ifade ederek, ordusu ve vatan\u0131na s\u0131ms\u0131k\u0131 tutunan Suriye&#8217;nin ter\u00f6re kar\u015f\u0131 zaferinin ka\u00e7\u0131n\u0131lmaz oldu\u011funa inand\u0131klar\u0131n\u0131 s\u00f6yledi.<\/p>\n","protected":false},"excerpt":{"rendered":"<p>\u015eAM \u2013 Cumhuriyet Ba\u015f M\u00fcft\u00fcs\u00fc Ahmet Bedrettin Hassun bug\u00fcn Suriye&#8217;nin; d\u0131\u015f g\u00fc\u00e7lerin patronajl\u0131\u011f\u0131ndaki ter\u00f6r \u00f6rg\u00fctlere kar\u015f\u0131 sava\u015f\u0131nda sadece kendisini savunmad\u0131\u011f\u0131n\u0131, t\u00fcm d\u00fcnya halklar\u0131 ve gen\u00e7leri savundu\u011funu belirtti. Hassun Suriye&#8217;nin insani medeniyet ve gen\u00e7lerin gelece\u011fini savundu\u011funu ifade etti. Aralar\u0131nda T\u00fcrkiye&#8217;nin de bulundu\u011fu 20 devletten gen\u00e7lik heyetlerinin kat\u0131l\u0131m\u0131yla \u015eam\u2019da iki g\u00fcn s\u00fcreyle d\u00fczenlenen D\u00fcnya Suriye ile Dayan\u0131\u015fma &hellip;<\/p>\n","protected":false},"author":1,"featured_media":57274,"comment_status":"closed","ping_status":"closed","sticky":false,"template":"","format":"standard","meta":{"footnotes":""},"categories":[479,17988,478],"tags":[18425,18424,18416],"class_list":["post-57273","post","type-post","status-publish","format-standard","has-post-thumbnail","","category-haberler-yerel","category-son-haberler","category-yerel","tag-ahmet-bedrettin-hassun","tag-cumhuriyet-bas-muftusu","tag-dunya-suriye-ile-dayanisma-genclik-forumu"],"_links":{"self":[{"href":"https:\/\/archive.sana.sy\/tr\/index.php?rest_route=\/wp\/v2\/posts\/57273","targetHints":{"allow":["GET"]}}],"collection":[{"href":"https:\/\/archive.sana.sy\/tr\/index.php?rest_route=\/wp\/v2\/posts"}],"about":[{"href":"https:\/\/archive.sana.sy\/tr\/index.php?rest_route=\/wp\/v2\/types\/post"}],"author":[{"embeddable":true,"href":"https:\/\/archive.sana.sy\/tr\/index.php?rest_route=\/wp\/v2\/users\/1"}],"replies":[{"embeddable":true,"href":"https:\/\/archive.sana.sy\/tr\/index.php?rest_route=%2Fwp%2Fv2%2Fcomments&post=57273"}],"version-history":[{"count":0,"href":"https:\/\/archive.sana.sy\/tr\/index.php?rest_route=\/wp\/v2\/posts\/57273\/revisions"}],"wp:featuredmedia":[{"embeddable":true,"href":"https:\/\/archive.sana.sy\/tr\/index.php?rest_route=\/wp\/v2\/media\/57274"}],"wp:attachment":[{"href":"https:\/\/archive.sana.sy\/tr\/index.php?rest_route=%2Fwp%2Fv2%2Fmedia&parent=57273"}],"wp:term":[{"taxonomy":"category","embeddable":true,"href":"https:\/\/archive.sana.sy\/tr\/index.php?rest_route=%2Fwp%2Fv2%2Fcategories&post=57273"},{"taxonomy":"post_tag","embeddable":true,"href":"https:\/\/archive.sana.sy\/tr\/index.php?rest_route=%2Fwp%2Fv2%2Ftags&post=57273"}],"curies":[{"name":"wp","href":"https:\/\/api.w.org\/{rel}","templated":true}]}}