{"id":57280,"date":"2016-01-07T15:27:00","date_gmt":"2016-01-07T13:27:00","guid":{"rendered":"http:\/\/www.sana.sy\/tr\/?p=57280"},"modified":"2016-01-07T15:29:55","modified_gmt":"2016-01-07T13:29:55","slug":"fakat-bunun-olmasi-imkansidir","status":"publish","type":"post","link":"https:\/\/archive.sana.sy\/tr\/?p=57280","title":{"rendered":"Fakat Bunun Olmas\u0131 \u0130mkans\u0131d\u0131r"},"content":{"rendered":"<p>MOSKOVA \u2013 Rusya Ba\u015fkan\u0131n\u0131n Ortado\u011fu \u00d6zel Temsilcisi ve D\u0131\u015fi\u015fleri Bakan\u0131 Yard\u0131mc\u0131s\u0131 Mikhail Bogdanov; Rusya&#8217;n\u0131n Suriye&#8217;deki kriz ve siyasi \u00e7\u00f6z\u00fcm\u00fcnden yana tutumunun ilkeli ve de\u011fi\u015fmez oldu\u011funu bir kez daha vurgularken; bu tutumun uluslar aras\u0131 kararlar ve Suriye&#8217;nin egemenlik ilkelerine dayal\u0131 odlu\u011funun alt\u0131n\u0131 \u00e7izdi.<\/p>\n<p>Bogdanov bug\u00fcn gazetecilere yapt\u0131\u011f\u0131 a\u00e7\u0131klamada Rusya&#8217;n\u0131n tutumunun; y\u00f6netim dahil Suriye&#8217;nin gelece\u011finin sadece ve sadece Suriye halk\u0131 taraf\u0131ndan belirlenece\u011fi ilkesine dayal\u0131 oldu\u011funu, bunun da Viyana\u2019da Suriye konulu yap\u0131lan toplant\u0131lar\u0131n kararlar\u0131nda mevcut oldu\u011funa vurgu yapt\u0131.<\/p>\n<p>Amerikan medyas\u0131n\u0131n \u2018Washington\u2019un el Esad\u2019\u0131n 2017 Mart ay\u0131nda g\u00f6revden \u00e7ekilmesi tahminlerine\u2019 ili\u015fkin yay\u0131nlad\u0131klar\u0131 haberleri ele\u015ftiren Bogdanov; Amerikal\u0131lar\u0131n kendilerine has planlar yapabileceklerini, fakat Viyana g\u00f6r\u00fc\u015fmelerinde bu gibi bir meselenin yer almad\u0131\u011f\u0131n\u0131n alt\u0131n\u0131 \u00e7izdi. Bogdanov ayr\u0131ca b\u00f6yle bir \u015feyin olmas\u0131n\u0131n kesinlikle m\u00fcmk\u00fcn olmad\u0131\u011f\u0131n\u0131, \u00e7\u00fcnk\u00fc bununun sadece ve sadece Suriye halk\u0131 taraf\u0131ndan kararla\u015ft\u0131r\u0131laca\u011f\u0131na vurgu yapt\u0131.<\/p>\n","protected":false},"excerpt":{"rendered":"<p>MOSKOVA \u2013 Rusya Ba\u015fkan\u0131n\u0131n Ortado\u011fu \u00d6zel Temsilcisi ve D\u0131\u015fi\u015fleri Bakan\u0131 Yard\u0131mc\u0131s\u0131 Mikhail Bogdanov; Rusya&#8217;n\u0131n Suriye&#8217;deki kriz ve siyasi \u00e7\u00f6z\u00fcm\u00fcnden yana tutumunun ilkeli ve de\u011fi\u015fmez oldu\u011funu bir kez daha vurgularken; bu tutumun uluslar aras\u0131 kararlar ve Suriye&#8217;nin egemenlik ilkelerine dayal\u0131 odlu\u011funun alt\u0131n\u0131 \u00e7izdi. Bogdanov bug\u00fcn gazetecilere yapt\u0131\u011f\u0131 a\u00e7\u0131klamada Rusya&#8217;n\u0131n tutumunun; y\u00f6netim dahil Suriye&#8217;nin gelece\u011finin sadece ve &hellip;<\/p>\n","protected":false},"author":1,"featured_media":57283,"comment_status":"closed","ping_status":"closed","sticky":false,"template":"","format":"standard","meta":{"footnotes":""},"categories":[458,459,17988],"tags":[18427,16592],"class_list":["post-57280","post","type-post","status-publish","format-standard","has-post-thumbnail","","category-dunya1","category-haberler-arap-uluslararasi-politika","category-son-haberler","tag-mikhail-bogdanov","tag-rusya"],"_links":{"self":[{"href":"https:\/\/archive.sana.sy\/tr\/index.php?rest_route=\/wp\/v2\/posts\/57280","targetHints":{"allow":["GET"]}}],"collection":[{"href":"https:\/\/archive.sana.sy\/tr\/index.php?rest_route=\/wp\/v2\/posts"}],"about":[{"href":"https:\/\/archive.sana.sy\/tr\/index.php?rest_route=\/wp\/v2\/types\/post"}],"author":[{"embeddable":true,"href":"https:\/\/archive.sana.sy\/tr\/index.php?rest_route=\/wp\/v2\/users\/1"}],"replies":[{"embeddable":true,"href":"https:\/\/archive.sana.sy\/tr\/index.php?rest_route=%2Fwp%2Fv2%2Fcomments&post=57280"}],"version-history":[{"count":0,"href":"https:\/\/archive.sana.sy\/tr\/index.php?rest_route=\/wp\/v2\/posts\/57280\/revisions"}],"wp:featuredmedia":[{"embeddable":true,"href":"https:\/\/archive.sana.sy\/tr\/index.php?rest_route=\/wp\/v2\/media\/57283"}],"wp:attachment":[{"href":"https:\/\/archive.sana.sy\/tr\/index.php?rest_route=%2Fwp%2Fv2%2Fmedia&parent=57280"}],"wp:term":[{"taxonomy":"category","embeddable":true,"href":"https:\/\/archive.sana.sy\/tr\/index.php?rest_route=%2Fwp%2Fv2%2Fcategories&post=57280"},{"taxonomy":"post_tag","embeddable":true,"href":"https:\/\/archive.sana.sy\/tr\/index.php?rest_route=%2Fwp%2Fv2%2Ftags&post=57280"}],"curies":[{"name":"wp","href":"https:\/\/api.w.org\/{rel}","templated":true}]}}