{"id":57282,"date":"2016-01-07T12:26:03","date_gmt":"2016-01-07T10:26:03","guid":{"rendered":"http:\/\/www.sana.sy\/tr\/?p=57282"},"modified":"2016-01-07T15:57:12","modified_gmt":"2016-01-07T13:57:12","slug":"suriye-halkinin-tibbi-gereksinimlerinin-karsilanmasina-ozen-gosteriyoruz","status":"publish","type":"post","link":"https:\/\/archive.sana.sy\/tr\/?p=57282","title":{"rendered":"Suriye Halk\u0131n\u0131n T\u0131bbi Gereksinimlerinin Kar\u015f\u0131lanmas\u0131na \u00d6zen G\u00f6steriyoruz"},"content":{"rendered":"<p>\u015eAM \u2013 Sa\u011fl\u0131k Bakan\u0131 Nizar Yaz\u0131c\u0131 bug\u00fcn \u0130ranl\u0131 mevkida\u015f\u0131 Seyit Hasan Ha\u015fimi ile iki \u00fclke aras\u0131nda sa\u011fl\u0131k alan\u0131nda ili\u015fkileri peki\u015ftirme olanaklar\u0131n\u0131 masaya yat\u0131rken mevcut anla\u015fmalar\u0131n hayata ge\u00e7irilmesi \u00f6n\u00fcndeki engellerin kald\u0131r\u0131las\u0131 ve ila\u00e7 ithalat\u0131n\u0131 kolayla\u015ft\u0131rma icraatlar\u0131n\u0131 g\u00f6r\u00fc\u015ft\u00fc.<\/p>\n<p>Suriye&#8217;de sa\u011fl\u0131k sekt\u00f6r\u00fcn\u00fcn ihtiya\u00e7lar\u0131n\u0131n kar\u015f\u0131lanmas\u0131 i\u00e7in iki \u00fclke sa\u011fl\u0131k bakanl\u0131klar\u0131 aras\u0131ndaki i\u015fbirli\u011finin peki\u015ftirilmesi y\u00f6n\u00fcnde harcanan daimi \u00e7abalara dikkat \u00e7eken Bakan Yaz\u0131c\u0131; ila\u00e7lar\u0131n kayd\u0131ndaki zorluklar\u0131n kald\u0131r\u0131lmas\u0131 i\u00e7in \u00e7abalar\u0131n yo\u011funla\u015ft\u0131r\u0131laca\u011f\u0131n\u0131 s\u00f6yledi. Bakan Yaz\u0131c\u0131 ABD, AB ve m\u00fcttefikleri olan devletlerin Suriye halk\u0131na y\u00f6nelik kanunsuz kat\u0131 ekonomik yapt\u0131r\u0131mlar\u0131n sa\u011fl\u0131k sekt\u00f6r\u00fc ve hizmetlerine olumsuz etkilerine \u0131\u015f\u0131k tuttu.<\/p>\n<p>\u0130ranl\u0131 konuk bakan \u00fclkesinin; \u00f6zellikle kriz s\u00fcresinde Suriye&#8217;nin desteklenmesi i\u00e7in hi\u00e7bir \u00e7abadan geri kalmayaca\u011f\u0131n\u0131 belirtti. Ha\u015fimi \u0130ran Sa\u011fl\u0131k Bakanl\u0131\u011f\u0131n\u0131n Suriye halk\u0131n\u0131n t\u00fcm ila\u00e7 ve t\u0131bbi te\u00e7hizat gereksinimlerinin kar\u015f\u0131lanmas\u0131 i\u00e7in uzun s\u00fcre\u00e7li i\u015fbirli\u011fine b\u00fcy\u00fck bir \u00f6zen g\u00f6sterdi\u011fini s\u00f6yledi.<\/p>\n<div id='gallery-1' class='gallery galleryid-57282 gallery-columns-2 gallery-size-medium'><figure class='gallery-item'>\n\t\t\t<div class='gallery-icon landscape'>\n\t\t\t\t<a href='https:\/\/archive.sana.sy\/tr\/wp-content\/uploads\/2016\/01\/2-10.jpg'><img loading=\"lazy\" decoding=\"async\" width=\"300\" height=\"168\" src=\"https:\/\/archive.sana.sy\/tr\/wp-content\/uploads\/2016\/01\/2-10-300x168.jpg\" class=\"attachment-medium size-medium\" alt=\"\" srcset=\"https:\/\/archive.sana.sy\/tr\/wp-content\/uploads\/2016\/01\/2-10-300x168.jpg 300w, https:\/\/archive.sana.sy\/tr\/wp-content\/uploads\/2016\/01\/2-10-150x84.jpg 150w, https:\/\/archive.sana.sy\/tr\/wp-content\/uploads\/2016\/01\/2-10.jpg 660w\" sizes=\"auto, (max-width: 300px) 100vw, 300px\" \/><\/a>\n\t\t\t<\/div><\/figure><figure class='gallery-item'>\n\t\t\t<div class='gallery-icon landscape'>\n\t\t\t\t<a href='https:\/\/archive.sana.sy\/tr\/wp-content\/uploads\/2016\/01\/0-39.jpg'><img loading=\"lazy\" decoding=\"async\" width=\"300\" height=\"150\" src=\"https:\/\/archive.sana.sy\/tr\/wp-content\/uploads\/2016\/01\/0-39-300x150.jpg\" class=\"attachment-medium size-medium\" alt=\"\" srcset=\"https:\/\/archive.sana.sy\/tr\/wp-content\/uploads\/2016\/01\/0-39-300x150.jpg 300w, https:\/\/archive.sana.sy\/tr\/wp-content\/uploads\/2016\/01\/0-39-150x75.jpg 150w, https:\/\/archive.sana.sy\/tr\/wp-content\/uploads\/2016\/01\/0-39.jpg 660w\" sizes=\"auto, (max-width: 300px) 100vw, 300px\" \/><\/a>\n\t\t\t<\/div><\/figure>\n\t\t<\/div>\n\n","protected":false},"excerpt":{"rendered":"<p>\u015eAM \u2013 Sa\u011fl\u0131k Bakan\u0131 Nizar Yaz\u0131c\u0131 bug\u00fcn \u0130ranl\u0131 mevkida\u015f\u0131 Seyit Hasan Ha\u015fimi ile iki \u00fclke aras\u0131nda sa\u011fl\u0131k alan\u0131nda ili\u015fkileri peki\u015ftirme olanaklar\u0131n\u0131 masaya yat\u0131rken mevcut anla\u015fmalar\u0131n hayata ge\u00e7irilmesi \u00f6n\u00fcndeki engellerin kald\u0131r\u0131las\u0131 ve ila\u00e7 ithalat\u0131n\u0131 kolayla\u015ft\u0131rma icraatlar\u0131n\u0131 g\u00f6r\u00fc\u015ft\u00fc. Suriye&#8217;de sa\u011fl\u0131k sekt\u00f6r\u00fcn\u00fcn ihtiya\u00e7lar\u0131n\u0131n kar\u015f\u0131lanmas\u0131 i\u00e7in iki \u00fclke sa\u011fl\u0131k bakanl\u0131klar\u0131 aras\u0131ndaki i\u015fbirli\u011finin peki\u015ftirilmesi y\u00f6n\u00fcnde harcanan daimi \u00e7abalara dikkat \u00e7eken &hellip;<\/p>\n","protected":false},"author":1,"featured_media":57286,"comment_status":"closed","ping_status":"closed","sticky":false,"template":"","format":"standard","meta":{"footnotes":""},"categories":[479,17988,478],"tags":[16895,18428,18429],"class_list":["post-57282","post","type-post","status-publish","format-standard","has-post-thumbnail","","category-haberler-yerel","category-son-haberler","category-yerel","tag-saglik-bakani-nizar-yazici","tag-saglik-sektoru","tag-tibbi-hizmetler"],"_links":{"self":[{"href":"https:\/\/archive.sana.sy\/tr\/index.php?rest_route=\/wp\/v2\/posts\/57282","targetHints":{"allow":["GET"]}}],"collection":[{"href":"https:\/\/archive.sana.sy\/tr\/index.php?rest_route=\/wp\/v2\/posts"}],"about":[{"href":"https:\/\/archive.sana.sy\/tr\/index.php?rest_route=\/wp\/v2\/types\/post"}],"author":[{"embeddable":true,"href":"https:\/\/archive.sana.sy\/tr\/index.php?rest_route=\/wp\/v2\/users\/1"}],"replies":[{"embeddable":true,"href":"https:\/\/archive.sana.sy\/tr\/index.php?rest_route=%2Fwp%2Fv2%2Fcomments&post=57282"}],"version-history":[{"count":0,"href":"https:\/\/archive.sana.sy\/tr\/index.php?rest_route=\/wp\/v2\/posts\/57282\/revisions"}],"wp:featuredmedia":[{"embeddable":true,"href":"https:\/\/archive.sana.sy\/tr\/index.php?rest_route=\/wp\/v2\/media\/57286"}],"wp:attachment":[{"href":"https:\/\/archive.sana.sy\/tr\/index.php?rest_route=%2Fwp%2Fv2%2Fmedia&parent=57282"}],"wp:term":[{"taxonomy":"category","embeddable":true,"href":"https:\/\/archive.sana.sy\/tr\/index.php?rest_route=%2Fwp%2Fv2%2Fcategories&post=57282"},{"taxonomy":"post_tag","embeddable":true,"href":"https:\/\/archive.sana.sy\/tr\/index.php?rest_route=%2Fwp%2Fv2%2Ftags&post=57282"}],"curies":[{"name":"wp","href":"https:\/\/api.w.org\/{rel}","templated":true}]}}