{"id":57299,"date":"2016-01-07T19:38:05","date_gmt":"2016-01-07T17:38:05","guid":{"rendered":"http:\/\/www.sana.sy\/tr\/?p=57299"},"modified":"2016-01-08T17:31:14","modified_gmt":"2016-01-08T15:31:14","slug":"kahraman-birliklerimiz-vatanseverlik-ve-onur-timsalidir","status":"publish","type":"post","link":"https:\/\/archive.sana.sy\/tr\/?p=57299","title":{"rendered":"Kahraman Birliklerimiz Vatanseverlik ve Onur Timsalidir"},"content":{"rendered":"<p>\u0130LLER \u2013 Bug\u00fcne kadar vatan\u0131 korumada hi\u00e7bir g\u00fcce boyun e\u011fmeyen kahraman birliklerimiz d\u00fcnyan\u0131n en g\u00fc\u00e7l\u00fc g\u00f6r\u00fcnen devletlerden finans ve silah yard\u0131m\u0131 alan ter\u00f6ristleri emsali g\u00f6r\u00fclmemi\u015f bir hezimete u\u011fratarak d\u00fcnya kamuoyunda vatanseverlik ve onurun timsali olmay\u0131 ba\u015fard\u0131lar.<\/p>\n<p><span style=\"color: #0000ff\">DEYREZZOR:<\/span><\/p>\n<p>Saha kaynaklar\u0131 SANA\u2019ya a\u00e7\u0131klamalar\u0131nda; Deyrezzor Havaliman\u0131nda bulunan askerlerimizin I\u015e\u0130D\u2019e tabi ter\u00f6r \u00e7etelerin Deyrezzor k\u0131rsal\u0131 Cafra ve Huvaycet Sakr k\u00f6ylerine ilaveten Mureyiye \u00c7iftlikleri ve D\u011feym B\u00f6lgesinden Deyrezzor Askeri Havaliman\u0131na s\u0131zma giri\u015fimlerini \u00e7\u00f6kerttiklerini ifade etti.<\/p>\n<p>Deyrezzor Havaliman\u0131n\u0131 savunan askerlerimizin I\u015e\u0130D \u00e7eteleriyle \u015fiddetli \u00e7at\u0131\u015fmalara girdiklerini aktaran kaynaklar; ter\u00f6rist ve cephane ta\u015f\u0131yan muhtelif t\u00fcr silahlarla donat\u0131lm\u0131\u015f ara\u00e7lar\u0131n\u0131 imha ettiklerine dikkat \u00e7ekti.<\/p>\n<p><span style=\"color: #0000ff\">LAZK\u0130YE:<\/span><\/p>\n<p>\u00d6te yandan askeri kaynak; ordu birliklerimizin halk savunma g\u00fc\u00e7leriyle i\u015fbirli\u011fi i\u00e7inde Lazkiye k\u0131rsal\u0131n\u0131n kuzeyinde ihvanc\u0131 Erdo\u011fan rejimine ba\u011fl\u0131 ter\u00f6r \u00f6rg\u00fctlere y\u00f6nelik nitelikli operasyonlar\u0131nda Lazkiye Kentinin yakla\u015f\u0131k 60 km kuzeyine d\u00fc\u015fen Da\u011fda\u011fan \u00c7iftli\u011finde ter\u00f6ristlerin son mevkilerini imha ederek b\u00f6lgeyi kontrol\u00fcne ge\u00e7irdiklerini belirtti.<\/p>\n<p>Kaynak; ordu birliklerimizin arama tarama operasyonlar\u0131nda Erdo\u011fan \u00e7etelerinin Da\u011fda\u011fan \u00c7iftli\u011fine yerle\u015ftirdikleri may\u0131n ve bomba d\u00fczeneklerini etkisizle\u015ftirdiklerini s\u00f6zlerine ekledi.<\/p>\n<p>G\u00fcn\u00fcn ilerleyen saatlerinde a\u00e7\u0131klama yapan bir kaynak; ordu birliklerimizin halk savunma g\u00fc\u00e7leriyle i\u015fbirli\u011fi i\u00e7inde Lazkiye k\u0131rsal\u0131n\u0131n kuzeyi R\u00fcveyset Ebu \u011eannam ve R\u00fcveyset \u015eeyh Selman k\u00f6ylerine ek olarak el Hara ve Beyt Faris K\u00f6y\u00fc ve da\u011flar\u0131yla birlikte Lazkiye k\u0131rsal\u0131nda stratejik \u00f6neme sahip daha bir\u00e7ok tepeyi ter\u00f6rden temizleyerek kontrollerine ge\u00e7irdiklerini s\u00f6yledi.<\/p>\n<p>Yine Lazkiye k\u0131rsal\u0131n\u0131n kuzeyinde vatan koruyucular\u0131m\u0131z\u0131n Sarraf K\u00f6y\u00fc ve civar\u0131ndaki bir dizi noktada siperlenen ter\u00f6ristleri \u00f6ld\u00fcrd\u00fcklerini aktaran kaynak; k\u00f6y ve civar\u0131ndaki noktalar\u0131 hakimiyeti alt\u0131na ald\u0131klar\u0131n\u0131 beyan etti.<\/p>\n<p><span style=\"color: #0000ff\">HAMA:<\/span><\/p>\n<p>Bu arada ordu birliklerimizin katil Erdo\u011fan ve Suudi rejimlerinden destek alan \u2018Ahrar el \u015eam \u0130slami Hareketi\u2019ne kar\u015f\u0131 operasyonlar\u0131n\u0131 s\u00fcrd\u00fcrd\u00fcklerini ifade eden askeri kaynak; Hama Kentinin yakla\u015f\u0131k 40 km kuzeyine d\u00fc\u015fen At\u015fan K\u00f6y\u00fcnde yuva ve k\u00fcmelenme yerlerini yo\u011fun ate\u015fe tuttuklar\u0131n\u0131 aktard\u0131.<\/p>\n<p>Kaynak; operasyonlarda ter\u00f6ristlere ait bir komuta karargah\u0131 ve 2 arac\u0131n imha edildi\u011fini belirtirken \u2018Ahrar el \u015eam \u0130slami Hareketi\u2019nin Hama kuzey k\u0131rsal\u0131 b\u00f6lge sorumlusu \u2018Muhammed Ebu Faysal\u2019 lakapl\u0131 ter\u00f6r komutan\u0131n aralar\u0131nda bulundu\u011fu 28 ter\u00f6ristin \u00f6ld\u00fcr\u00fcld\u00fc\u011f\u00fcn\u00fc s\u00f6yledi.<\/p>\n<p>Hama k\u0131rsal\u0131 Morik Kentinin \u00e7evresinde de ordu birliklerimizin \u2018Cund el Aksa\u2019ya ait bir karargah\u0131n\u0131 imha ettiklerini aktaran kaynak; en az 10 ter\u00f6risti \u00f6ld\u00fcrd\u00fcklerini s\u00f6zlerine ekledi.<\/p>\n<p><span style=\"color: #0000ff\">\u0130DL\u0130B:<\/span><\/p>\n<p>Di\u011fer yandan \u0130dlib k\u0131rsal\u0131 Ariyha Kentinde T\u00fcrkiye ve Suudi Arabistan rejimlerine ba\u011fl\u0131 \u2018Fetih Ordusu\u2019nun yuva ve k\u00fcmelenme yerlerini hedef alan ordu birliklerimiz; en az 5 ter\u00f6risti \u00f6ld\u00fcr\u00fcp kentte bulunan ana bir komuta karargah\u0131n\u0131 tahrip etti.<\/p>\n<p>M.M.<\/p>\n","protected":false},"excerpt":{"rendered":"<p>\u0130LLER \u2013 Bug\u00fcne kadar vatan\u0131 korumada hi\u00e7bir g\u00fcce boyun e\u011fmeyen kahraman birliklerimiz d\u00fcnyan\u0131n en g\u00fc\u00e7l\u00fc g\u00f6r\u00fcnen devletlerden finans ve silah yard\u0131m\u0131 alan ter\u00f6ristleri emsali g\u00f6r\u00fclmemi\u015f bir hezimete u\u011fratarak d\u00fcnya kamuoyunda vatanseverlik ve onurun timsali olmay\u0131 ba\u015fard\u0131lar. DEYREZZOR: Saha kaynaklar\u0131 SANA\u2019ya a\u00e7\u0131klamalar\u0131nda; Deyrezzor Havaliman\u0131nda bulunan askerlerimizin I\u015e\u0130D\u2019e tabi ter\u00f6r \u00e7etelerin Deyrezzor k\u0131rsal\u0131 Cafra ve Huvaycet Sakr &hellip;<\/p>\n","protected":false},"author":1,"featured_media":57300,"comment_status":"closed","ping_status":"closed","sticky":false,"template":"","format":"standard","meta":{"footnotes":""},"categories":[575],"tags":[18432],"class_list":["post-57299","post","type-post","status-publish","format-standard","has-post-thumbnail","","category-olaylar-ve-gercekler","tag-kahraman-birliklerimiz-vatanseverlik-ve-onur-timsalidir"],"_links":{"self":[{"href":"https:\/\/archive.sana.sy\/tr\/index.php?rest_route=\/wp\/v2\/posts\/57299","targetHints":{"allow":["GET"]}}],"collection":[{"href":"https:\/\/archive.sana.sy\/tr\/index.php?rest_route=\/wp\/v2\/posts"}],"about":[{"href":"https:\/\/archive.sana.sy\/tr\/index.php?rest_route=\/wp\/v2\/types\/post"}],"author":[{"embeddable":true,"href":"https:\/\/archive.sana.sy\/tr\/index.php?rest_route=\/wp\/v2\/users\/1"}],"replies":[{"embeddable":true,"href":"https:\/\/archive.sana.sy\/tr\/index.php?rest_route=%2Fwp%2Fv2%2Fcomments&post=57299"}],"version-history":[{"count":0,"href":"https:\/\/archive.sana.sy\/tr\/index.php?rest_route=\/wp\/v2\/posts\/57299\/revisions"}],"wp:featuredmedia":[{"embeddable":true,"href":"https:\/\/archive.sana.sy\/tr\/index.php?rest_route=\/wp\/v2\/media\/57300"}],"wp:attachment":[{"href":"https:\/\/archive.sana.sy\/tr\/index.php?rest_route=%2Fwp%2Fv2%2Fmedia&parent=57299"}],"wp:term":[{"taxonomy":"category","embeddable":true,"href":"https:\/\/archive.sana.sy\/tr\/index.php?rest_route=%2Fwp%2Fv2%2Fcategories&post=57299"},{"taxonomy":"post_tag","embeddable":true,"href":"https:\/\/archive.sana.sy\/tr\/index.php?rest_route=%2Fwp%2Fv2%2Ftags&post=57299"}],"curies":[{"name":"wp","href":"https:\/\/api.w.org\/{rel}","templated":true}]}}