{"id":57307,"date":"2016-01-08T10:48:55","date_gmt":"2016-01-08T08:48:55","guid":{"rendered":"http:\/\/www.sana.sy\/tr\/?p=57307"},"modified":"2016-01-08T12:03:28","modified_gmt":"2016-01-08T10:03:28","slug":"de-mistura-irana-ziyaret-duzenliyor","status":"publish","type":"post","link":"https:\/\/archive.sana.sy\/tr\/?p=57307","title":{"rendered":"De Mistura \u0130ran\u2019a Ziyaret D\u00fczenliyor"},"content":{"rendered":"<p>NEW YORK \u2013 BM Resmi S\u00f6zc\u00fcs\u00fc Ferhan Hak, BM\u2019nin Suriye \u00d6zel Temsilcisi Stefan De Mistura\u2019n\u0131n \u00f6n\u00fcm\u00fczdeki Pazar g\u00fcn\u00fc \u0130ran\u2019a bir ziyaret d\u00fczenleyerek, \u00f6n\u00fcm\u00fczdeki ay i\u00e7erisinde d\u00fczenlenmesi kararla\u015ft\u0131r\u0131lan Suriyeli-Suriyeli toplant\u0131s\u0131 ile ilgili \u0130ranl\u0131 yetkililer ile g\u00f6r\u00fc\u015f al\u0131\u015fveri\u015finde bulunaca\u011f\u0131n\u0131 a\u00e7\u0131klad\u0131.<\/p>\n<p>D\u00fcn Sputnik Haber ajans\u0131na bir a\u00e7\u0131klama yapan Hak; De Mistura\u2019n\u0131n, Suriyeli-Suriyeli toplant\u0131s\u0131 ve haz\u0131rl\u0131klar\u0131 ile ilgili b\u00f6lgede bir dizi g\u00f6r\u00fc\u015fmede bulunaca\u011f\u0131na i\u015faret ederek bu g\u00f6r\u00fc\u015fmelerin temel amac\u0131n\u0131n Suriye ile ilgili \u00e7\u00f6z\u00fcm faaliyetlerine ivme kazand\u0131rmak oldu\u011funu belirtti.<\/p>\n<p>Hat\u0131rlanaca\u011f\u0131 \u00fczere De Mistura, ge\u00e7ti\u011fimiz g\u00fcnlerde yapt\u0131\u011f\u0131 bir a\u00e7\u0131klamada Suriye H\u00fck\u00fcmeti ile Suriyeli muhalefet aras\u0131nda 25 Ocak Tarihinde Cenevre\u2019de d\u00fczenlenmesi kararla\u015ft\u0131r\u0131lan toplant\u0131dan umutlu oldu\u011funu ifade etmi\u015f ve bu toplant\u0131dan olumlu sonu\u00e7 \u00e7\u0131kmas\u0131 i\u00e7in elinden gelen b\u00fct\u00fcn \u00e7abay\u0131 harcayaca\u011f\u0131n\u0131 belirtmi\u015fti.<\/p>\n<p>Bilinece\u011fi \u00fczere Uluslararas\u0131 G\u00fcvenlik Konseyi ge\u00e7ti\u011fimiz g\u00fcnlerde Rusya ve Amerika\u2019n\u0131n onaylam\u0131\u015f oldu\u011fu Suriye\u2019de siyasi \u00e7\u00f6z\u00fcm s\u00fcrecinin Suriyelilerin kendi elleriyle ba\u015flat\u0131lmas\u0131n\u0131n gereklili\u011fine ili\u015fkin 2254 nolu karar\u0131 onaylam\u0131\u015ft\u0131.<\/p>\n<p>F.B. &#8211; R.H.<\/p>\n","protected":false},"excerpt":{"rendered":"<p>NEW YORK \u2013 BM Resmi S\u00f6zc\u00fcs\u00fc Ferhan Hak, BM\u2019nin Suriye \u00d6zel Temsilcisi Stefan De Mistura\u2019n\u0131n \u00f6n\u00fcm\u00fczdeki Pazar g\u00fcn\u00fc \u0130ran\u2019a bir ziyaret d\u00fczenleyerek, \u00f6n\u00fcm\u00fczdeki ay i\u00e7erisinde d\u00fczenlenmesi kararla\u015ft\u0131r\u0131lan Suriyeli-Suriyeli toplant\u0131s\u0131 ile ilgili \u0130ranl\u0131 yetkililer ile g\u00f6r\u00fc\u015f al\u0131\u015fveri\u015finde bulunaca\u011f\u0131n\u0131 a\u00e7\u0131klad\u0131. D\u00fcn Sputnik Haber ajans\u0131na bir a\u00e7\u0131klama yapan Hak; De Mistura\u2019n\u0131n, Suriyeli-Suriyeli toplant\u0131s\u0131 ve haz\u0131rl\u0131klar\u0131 ile ilgili b\u00f6lgede &hellip;<\/p>\n","protected":false},"author":1,"featured_media":57308,"comment_status":"closed","ping_status":"closed","sticky":false,"template":"","format":"standard","meta":{"footnotes":""},"categories":[458,459,17988],"tags":[18433],"class_list":["post-57307","post","type-post","status-publish","format-standard","has-post-thumbnail","","category-dunya1","category-haberler-arap-uluslararasi-politika","category-son-haberler","tag-de-mistura-irana-ziyaret-duzenliyor"],"_links":{"self":[{"href":"https:\/\/archive.sana.sy\/tr\/index.php?rest_route=\/wp\/v2\/posts\/57307","targetHints":{"allow":["GET"]}}],"collection":[{"href":"https:\/\/archive.sana.sy\/tr\/index.php?rest_route=\/wp\/v2\/posts"}],"about":[{"href":"https:\/\/archive.sana.sy\/tr\/index.php?rest_route=\/wp\/v2\/types\/post"}],"author":[{"embeddable":true,"href":"https:\/\/archive.sana.sy\/tr\/index.php?rest_route=\/wp\/v2\/users\/1"}],"replies":[{"embeddable":true,"href":"https:\/\/archive.sana.sy\/tr\/index.php?rest_route=%2Fwp%2Fv2%2Fcomments&post=57307"}],"version-history":[{"count":0,"href":"https:\/\/archive.sana.sy\/tr\/index.php?rest_route=\/wp\/v2\/posts\/57307\/revisions"}],"wp:featuredmedia":[{"embeddable":true,"href":"https:\/\/archive.sana.sy\/tr\/index.php?rest_route=\/wp\/v2\/media\/57308"}],"wp:attachment":[{"href":"https:\/\/archive.sana.sy\/tr\/index.php?rest_route=%2Fwp%2Fv2%2Fmedia&parent=57307"}],"wp:term":[{"taxonomy":"category","embeddable":true,"href":"https:\/\/archive.sana.sy\/tr\/index.php?rest_route=%2Fwp%2Fv2%2Fcategories&post=57307"},{"taxonomy":"post_tag","embeddable":true,"href":"https:\/\/archive.sana.sy\/tr\/index.php?rest_route=%2Fwp%2Fv2%2Ftags&post=57307"}],"curies":[{"name":"wp","href":"https:\/\/api.w.org\/{rel}","templated":true}]}}