{"id":57310,"date":"2016-01-08T11:04:26","date_gmt":"2016-01-08T09:04:26","guid":{"rendered":"http:\/\/www.sana.sy\/tr\/?p=57310"},"modified":"2016-01-08T12:07:30","modified_gmt":"2016-01-08T10:07:30","slug":"halaki-iran-saglik-bakani-ile-bir-araya-geldi","status":"publish","type":"post","link":"https:\/\/archive.sana.sy\/tr\/?p=57310","title":{"rendered":"Halaki \u0130ran Sa\u011fl\u0131k Bakan\u0131 \u0130le Bir Araya Geldi"},"content":{"rendered":"<p>\u015eAM \u2013 Ba\u015fbakan Vail el Halaki, \u0130ran Sa\u011fl\u0131k \u0130la\u00e7 ve T\u0131bbi E\u011fitim Bakan\u0131 Hasan Ha\u015fimi ile bir araya gelerek iki \u00fclke aras\u0131nda sa\u011fl\u0131k ve bilim alanlar\u0131ndaki i\u015fbirli\u011finin durumunu ve iki taraf aras\u0131nda imzalanm\u0131\u015f anla\u015fmalar\u0131n aktifle\u015ftirilmesinin y\u00f6ntemlerini inceledi.<\/p>\n<p>\u0130ki \u00fclke aras\u0131ndaki tarihi ve g\u00fc\u00e7l\u00fc ili\u015fkilerin b\u00fct\u00fcn alanlardaki i\u015fbirli\u011fi faaliyetlerini peki\u015ftirecek nitelikte oldu\u011funa dikkat \u00e7eken Halaki; Suriye\u2019nin maruz kald\u0131\u011f\u0131 uluslararas\u0131 ter\u00f6r sald\u0131r\u0131lar\u0131 kar\u015f\u0131s\u0131nda gerek uluslararas\u0131 platformlardaki siyasi deste\u011fi gerekse uygulanmakta olan uluslararas\u0131 yapt\u0131r\u0131mlar ve vah\u015fi ter\u00f6r sald\u0131r\u0131lar\u0131 sonucu meydana gelen insani krizin a\u015f\u0131lmas\u0131 i\u00e7in verdi\u011fi insani yard\u0131m deste\u011finden dolay\u0131 \u0130ran halk\u0131 ve iktidar\u0131na te\u015fekk\u00fcr ve takdirlerini sundu.<\/p>\n<p>\u00dclkede ya\u015fanmakta olan ter\u00f6r sald\u0131r\u0131lar\u0131 ve zor ko\u015fullar g\u00f6lgesinde sa\u011fl\u0131k sekt\u00f6r\u00fcn\u00fcn maruz kald\u0131\u011f\u0131 zorluk ve s\u0131k\u0131nt\u0131lar\u0131 ili\u015fkin k\u0131sa bir anlat\u0131m sunan Halaki; Suriye\u2019yi 5 y\u0131la yak\u0131n bir s\u00fcredir etkisi alt\u0131na alan ter\u00f6r olaylar\u0131ndan \u00f6nce Suriye\u2019de sa\u011fl\u0131k sekt\u00f6r\u00fc ve ila\u00e7 \u00fcretiminde ciddi ilerlemeler g\u00f6r\u00fcld\u00fc\u011f\u00fcn\u00fc belirtti.<\/p>\n<p>Di\u011fer taraftan \u0130ran H\u00fck\u00fcmetinin, Suriye halk\u0131 ve iktidar\u0131n\u0131n ter\u00f6re kar\u015f\u0131 direni\u015fini desteklemeye ve g\u00fc\u00e7lendirmeye b\u00fcy\u00fck bir \u00f6nem verdi\u011fini ifade eden Ha\u015fimi; Suriye halk\u0131 ve direni\u015f \u00e7izgisinin b\u00fcy\u00fck bir zafer kazanaca\u011f\u0131na inand\u0131\u011f\u0131n\u0131 vurgulad\u0131.<\/p>\n<div id='gallery-1' class='gallery galleryid-57310 gallery-columns-2 gallery-size-medium'><figure class='gallery-item'>\n\t\t\t<div class='gallery-icon landscape'>\n\t\t\t\t<a href='https:\/\/archive.sana.sy\/tr\/wp-content\/uploads\/2016\/01\/2-11.jpg'><img loading=\"lazy\" decoding=\"async\" width=\"300\" height=\"168\" src=\"https:\/\/archive.sana.sy\/tr\/wp-content\/uploads\/2016\/01\/2-11-300x168.jpg\" class=\"attachment-medium size-medium\" alt=\"\" srcset=\"https:\/\/archive.sana.sy\/tr\/wp-content\/uploads\/2016\/01\/2-11-300x168.jpg 300w, https:\/\/archive.sana.sy\/tr\/wp-content\/uploads\/2016\/01\/2-11-150x84.jpg 150w, https:\/\/archive.sana.sy\/tr\/wp-content\/uploads\/2016\/01\/2-11.jpg 660w\" sizes=\"auto, (max-width: 300px) 100vw, 300px\" \/><\/a>\n\t\t\t<\/div><\/figure><figure class='gallery-item'>\n\t\t\t<div class='gallery-icon landscape'>\n\t\t\t\t<a href='https:\/\/archive.sana.sy\/tr\/wp-content\/uploads\/2016\/01\/3-9.jpg'><img loading=\"lazy\" decoding=\"async\" width=\"300\" height=\"168\" src=\"https:\/\/archive.sana.sy\/tr\/wp-content\/uploads\/2016\/01\/3-9-300x168.jpg\" class=\"attachment-medium size-medium\" alt=\"\" srcset=\"https:\/\/archive.sana.sy\/tr\/wp-content\/uploads\/2016\/01\/3-9-300x168.jpg 300w, https:\/\/archive.sana.sy\/tr\/wp-content\/uploads\/2016\/01\/3-9-150x84.jpg 150w, https:\/\/archive.sana.sy\/tr\/wp-content\/uploads\/2016\/01\/3-9.jpg 660w\" sizes=\"auto, (max-width: 300px) 100vw, 300px\" \/><\/a>\n\t\t\t<\/div><\/figure>\n\t\t<\/div>\n\n<p>F.B. &#8211; R.H.<\/p>\n","protected":false},"excerpt":{"rendered":"<p>\u015eAM \u2013 Ba\u015fbakan Vail el Halaki, \u0130ran Sa\u011fl\u0131k \u0130la\u00e7 ve T\u0131bbi E\u011fitim Bakan\u0131 Hasan Ha\u015fimi ile bir araya gelerek iki \u00fclke aras\u0131nda sa\u011fl\u0131k ve bilim alanlar\u0131ndaki i\u015fbirli\u011finin durumunu ve iki taraf aras\u0131nda imzalanm\u0131\u015f anla\u015fmalar\u0131n aktifle\u015ftirilmesinin y\u00f6ntemlerini inceledi. \u0130ki \u00fclke aras\u0131ndaki tarihi ve g\u00fc\u00e7l\u00fc ili\u015fkilerin b\u00fct\u00fcn alanlardaki i\u015fbirli\u011fi faaliyetlerini peki\u015ftirecek nitelikte oldu\u011funa dikkat \u00e7eken Halaki; Suriye\u2019nin &hellip;<\/p>\n","protected":false},"author":1,"featured_media":57311,"comment_status":"closed","ping_status":"closed","sticky":false,"template":"","format":"standard","meta":{"footnotes":""},"categories":[541,17988,478],"tags":[18434],"class_list":["post-57310","post","type-post","status-publish","format-standard","has-post-thumbnail","","category-haberler","category-son-haberler","category-yerel","tag-halaki-iran-saglik-bakani-ile-bir-araya-geldi"],"_links":{"self":[{"href":"https:\/\/archive.sana.sy\/tr\/index.php?rest_route=\/wp\/v2\/posts\/57310","targetHints":{"allow":["GET"]}}],"collection":[{"href":"https:\/\/archive.sana.sy\/tr\/index.php?rest_route=\/wp\/v2\/posts"}],"about":[{"href":"https:\/\/archive.sana.sy\/tr\/index.php?rest_route=\/wp\/v2\/types\/post"}],"author":[{"embeddable":true,"href":"https:\/\/archive.sana.sy\/tr\/index.php?rest_route=\/wp\/v2\/users\/1"}],"replies":[{"embeddable":true,"href":"https:\/\/archive.sana.sy\/tr\/index.php?rest_route=%2Fwp%2Fv2%2Fcomments&post=57310"}],"version-history":[{"count":0,"href":"https:\/\/archive.sana.sy\/tr\/index.php?rest_route=\/wp\/v2\/posts\/57310\/revisions"}],"wp:featuredmedia":[{"embeddable":true,"href":"https:\/\/archive.sana.sy\/tr\/index.php?rest_route=\/wp\/v2\/media\/57311"}],"wp:attachment":[{"href":"https:\/\/archive.sana.sy\/tr\/index.php?rest_route=%2Fwp%2Fv2%2Fmedia&parent=57310"}],"wp:term":[{"taxonomy":"category","embeddable":true,"href":"https:\/\/archive.sana.sy\/tr\/index.php?rest_route=%2Fwp%2Fv2%2Fcategories&post=57310"},{"taxonomy":"post_tag","embeddable":true,"href":"https:\/\/archive.sana.sy\/tr\/index.php?rest_route=%2Fwp%2Fv2%2Ftags&post=57310"}],"curies":[{"name":"wp","href":"https:\/\/api.w.org\/{rel}","templated":true}]}}