{"id":57323,"date":"2016-01-08T17:53:09","date_gmt":"2016-01-08T15:53:09","guid":{"rendered":"http:\/\/www.sana.sy\/tr\/?p=57323"},"modified":"2016-01-09T16:58:59","modified_gmt":"2016-01-09T14:58:59","slug":"ulusal-ekonomiye-katki-saglayacak-her-cabayi-onemsiyoruz","status":"publish","type":"post","link":"https:\/\/archive.sana.sy\/tr\/?p=57323","title":{"rendered":"Ulusal Ekonomiye Katk\u0131 Sa\u011flayacak Her \u00c7abay\u0131 \u00d6nemsiyoruz"},"content":{"rendered":"<p>\u015eAM KIRSALI \u2013 \u015eam \u00c7evre Kent Valisi H\u00fcseyin Mahluf ordu birliklerimizin \u015eam k\u0131rsal\u0131nda ter\u00f6rden temizleyip g\u00fcvenli\u011fi sa\u011flad\u0131klar\u0131 t\u00fcm sanayi b\u00f6lgelerinde ter\u00f6r \u00f6rg\u00fctleri taraf\u0131ndan sabote edilen altyap\u0131 ve hizmet \u015febekelerinin onar\u0131laca\u011f\u0131n\u0131 belirtti.<\/p>\n<p><img loading=\"lazy\" decoding=\"async\" class=\"alignright wp-image-57325 \" src=\"http:\/\/www.sana.sy\/tr\/wp-content\/uploads\/2016\/01\/Mahluf-1-300x193.jpg\" alt=\"Mahluf 1\" width=\"309\" height=\"199\" srcset=\"https:\/\/archive.sana.sy\/tr\/wp-content\/uploads\/2016\/01\/Mahluf-1-300x193.jpg 300w, https:\/\/archive.sana.sy\/tr\/wp-content\/uploads\/2016\/01\/Mahluf-1-150x96.jpg 150w, https:\/\/archive.sana.sy\/tr\/wp-content\/uploads\/2016\/01\/Mahluf-1.jpg 500w\" sizes=\"auto, (max-width: 309px) 100vw, 309px\" \/>\u015eam k\u0131rsal\u0131 Sbeyni B\u00f6lgesinde bug\u00fcn Sanayi ve Zanaatkar B\u00f6lgesinde saha incelemelerinde bulunan Vali Mahluf; Valili\u011fin ulusal ekonomi ve yerel \u00fcretime hizmet edecek her \u00e7abaya b\u00fcy\u00fck \u00f6nem verdi\u011finin alt\u0131n\u0131 \u00e7izdi. Mahluf d\u0131\u015f g\u00fc\u00e7lerin destek ve komutas\u0131nda faaliyet g\u00f6steren tekfirci ter\u00f6ristlerin \u015eam k\u0131rsal\u0131nda en b\u00fcy\u00fck sanayi b\u00f6lgelerinden say\u0131lan bu b\u00f6lgede yol a\u00e7t\u0131klar\u0131 hasarlar\u0131n hacmine dikkat \u00e7ekerken burada mevcut fabrika ve di\u011fer \u00fcretim kurumlar\u0131n\u0131n en k\u0131sa zamanda yeniden \u00fcretime ba\u015flamalar\u0131 i\u00e7in maksimum d\u00fczeyde \u00e7aba harcanaca\u011f\u0131n\u0131 ifade etti.<\/p>\n<p>Saha gezisinde Vali Mahluf\u2019a e\u015flik eden \u015eam Sanayi Odas\u0131 Ba\u015fkan\u0131 Samir el Dibs; b\u00f6lgede altyap\u0131n\u0131n en k\u0131sa zamanda onar\u0131lmas\u0131 ve kurumlar\u0131n yeniden \u00fcretime ba\u015flamas\u0131 \u00f6nemine vurgu yapt\u0131.<\/p>\n","protected":false},"excerpt":{"rendered":"<p>\u015eAM KIRSALI \u2013 \u015eam \u00c7evre Kent Valisi H\u00fcseyin Mahluf ordu birliklerimizin \u015eam k\u0131rsal\u0131nda ter\u00f6rden temizleyip g\u00fcvenli\u011fi sa\u011flad\u0131klar\u0131 t\u00fcm sanayi b\u00f6lgelerinde ter\u00f6r \u00f6rg\u00fctleri taraf\u0131ndan sabote edilen altyap\u0131 ve hizmet \u015febekelerinin onar\u0131laca\u011f\u0131n\u0131 belirtti. \u015eam k\u0131rsal\u0131 Sbeyni B\u00f6lgesinde bug\u00fcn Sanayi ve Zanaatkar B\u00f6lgesinde saha incelemelerinde bulunan Vali Mahluf; Valili\u011fin ulusal ekonomi ve yerel \u00fcretime hizmet edecek her \u00e7abaya &hellip;<\/p>\n","protected":false},"author":1,"featured_media":57324,"comment_status":"closed","ping_status":"closed","sticky":false,"template":"","format":"standard","meta":{"footnotes":""},"categories":[485,486,17988],"tags":[18436],"class_list":["post-57323","post","type-post","status-publish","format-standard","has-post-thumbnail","","category-is-ve-sermaye","category-haberler-is-ve-sermaye","category-son-haberler","tag-ulusal-ekonomiye-katki-saglayacak-her-cabayi-onemsiyoruz"],"_links":{"self":[{"href":"https:\/\/archive.sana.sy\/tr\/index.php?rest_route=\/wp\/v2\/posts\/57323","targetHints":{"allow":["GET"]}}],"collection":[{"href":"https:\/\/archive.sana.sy\/tr\/index.php?rest_route=\/wp\/v2\/posts"}],"about":[{"href":"https:\/\/archive.sana.sy\/tr\/index.php?rest_route=\/wp\/v2\/types\/post"}],"author":[{"embeddable":true,"href":"https:\/\/archive.sana.sy\/tr\/index.php?rest_route=\/wp\/v2\/users\/1"}],"replies":[{"embeddable":true,"href":"https:\/\/archive.sana.sy\/tr\/index.php?rest_route=%2Fwp%2Fv2%2Fcomments&post=57323"}],"version-history":[{"count":0,"href":"https:\/\/archive.sana.sy\/tr\/index.php?rest_route=\/wp\/v2\/posts\/57323\/revisions"}],"wp:featuredmedia":[{"embeddable":true,"href":"https:\/\/archive.sana.sy\/tr\/index.php?rest_route=\/wp\/v2\/media\/57324"}],"wp:attachment":[{"href":"https:\/\/archive.sana.sy\/tr\/index.php?rest_route=%2Fwp%2Fv2%2Fmedia&parent=57323"}],"wp:term":[{"taxonomy":"category","embeddable":true,"href":"https:\/\/archive.sana.sy\/tr\/index.php?rest_route=%2Fwp%2Fv2%2Fcategories&post=57323"},{"taxonomy":"post_tag","embeddable":true,"href":"https:\/\/archive.sana.sy\/tr\/index.php?rest_route=%2Fwp%2Fv2%2Ftags&post=57323"}],"curies":[{"name":"wp","href":"https:\/\/api.w.org\/{rel}","templated":true}]}}