{"id":57327,"date":"2016-01-08T17:59:49","date_gmt":"2016-01-08T15:59:49","guid":{"rendered":"http:\/\/www.sana.sy\/tr\/?p=57327"},"modified":"2016-01-08T17:59:49","modified_gmt":"2016-01-08T15:59:49","slug":"sanaya-konusan-askeri-kaynak-ordu-birliklerimizin-hama-kirsali-tel-vasit-mansura-ziyaret-ve-kahire-bolgelerinde-erdogan-ve-suudi-rejimlerinin-cokuluslu-tekfirci-ceteleri-fetih-ordu","status":"publish","type":"post","link":"https:\/\/archive.sana.sy\/tr\/?p=57327","title":{"rendered":"SANA\u2019ya konu\u015fan askeri kaynak ordu birliklerimizin Hama k\u0131rsal\u0131 Tel Vas\u0131t, Mansura, Ziyaret ve Kahire b\u00f6lgelerinde Erdo\u011fan ve Suudi rejimlerinin \u00e7okuluslu tekfirci \u00e7eteleri \u2018Fetih Ordusu\u2019na ait 7 arac\u0131 imha ettiklerini ve aralar\u0131nda yabanc\u0131lar\u0131n bulundu\u011fu 30 ter\u00f6risti \u00f6ld\u00fcrd\u00fcklerini belirtti"},"content":{"rendered":"<p>SANA\u2019ya konu\u015fan askeri kaynak ordu birliklerimizin Hama k\u0131rsal\u0131 Tel Vas\u0131t, Mansura, Ziyaret ve Kahire b\u00f6lgelerinde Erdo\u011fan ve Suudi rejimlerinin \u00e7okuluslu tekfirci \u00e7eteleri \u2018Fetih Ordusu\u2019na ait 7 arac\u0131 imha ettiklerini ve aralar\u0131nda yabanc\u0131lar\u0131n bulundu\u011fu 30 ter\u00f6risti \u00f6ld\u00fcrd\u00fcklerini belirtti<\/p>\n","protected":false},"excerpt":{"rendered":"<p>SANA\u2019ya konu\u015fan askeri kaynak ordu birliklerimizin Hama k\u0131rsal\u0131 Tel Vas\u0131t, Mansura, Ziyaret ve Kahire b\u00f6lgelerinde Erdo\u011fan ve Suudi rejimlerinin \u00e7okuluslu tekfirci \u00e7eteleri \u2018Fetih Ordusu\u2019na ait 7 arac\u0131 imha ettiklerini ve aralar\u0131nda yabanc\u0131lar\u0131n bulundu\u011fu 30 ter\u00f6risti \u00f6ld\u00fcrd\u00fcklerini belirtti<\/p>\n","protected":false},"author":1,"featured_media":0,"comment_status":"closed","ping_status":"closed","sticky":false,"template":"","format":"standard","meta":{"footnotes":""},"categories":[17991],"tags":[],"class_list":["post-57327","post","type-post","status-publish","format-standard","","category-son-dakika"],"_links":{"self":[{"href":"https:\/\/archive.sana.sy\/tr\/index.php?rest_route=\/wp\/v2\/posts\/57327","targetHints":{"allow":["GET"]}}],"collection":[{"href":"https:\/\/archive.sana.sy\/tr\/index.php?rest_route=\/wp\/v2\/posts"}],"about":[{"href":"https:\/\/archive.sana.sy\/tr\/index.php?rest_route=\/wp\/v2\/types\/post"}],"author":[{"embeddable":true,"href":"https:\/\/archive.sana.sy\/tr\/index.php?rest_route=\/wp\/v2\/users\/1"}],"replies":[{"embeddable":true,"href":"https:\/\/archive.sana.sy\/tr\/index.php?rest_route=%2Fwp%2Fv2%2Fcomments&post=57327"}],"version-history":[{"count":0,"href":"https:\/\/archive.sana.sy\/tr\/index.php?rest_route=\/wp\/v2\/posts\/57327\/revisions"}],"wp:attachment":[{"href":"https:\/\/archive.sana.sy\/tr\/index.php?rest_route=%2Fwp%2Fv2%2Fmedia&parent=57327"}],"wp:term":[{"taxonomy":"category","embeddable":true,"href":"https:\/\/archive.sana.sy\/tr\/index.php?rest_route=%2Fwp%2Fv2%2Fcategories&post=57327"},{"taxonomy":"post_tag","embeddable":true,"href":"https:\/\/archive.sana.sy\/tr\/index.php?rest_route=%2Fwp%2Fv2%2Ftags&post=57327"}],"curies":[{"name":"wp","href":"https:\/\/api.w.org\/{rel}","templated":true}]}}