{"id":57329,"date":"2016-01-08T17:00:21","date_gmt":"2016-01-08T15:00:21","guid":{"rendered":"http:\/\/www.sana.sy\/tr\/?p=57329"},"modified":"2016-01-08T18:02:24","modified_gmt":"2016-01-08T16:02:24","slug":"putin-ve-renzi-suriyedeki-krize-cozum-ufuklarini-gorustu","status":"publish","type":"post","link":"https:\/\/archive.sana.sy\/tr\/?p=57329","title":{"rendered":"Putin ve Renzi Suriye&#8217;deki Krize \u00c7\u00f6z\u00fcm Ufuklar\u0131n\u0131 G\u00f6r\u00fc\u015ft\u00fc"},"content":{"rendered":"<p>MOSKOVA \u2013 Rusya Ba\u015fkan\u0131 Vladimir Putin \u0130talya Ba\u015fbakan\u0131 Matteo Renzi ile ter\u00f6rle m\u00fccadelede uluslararas\u0131 \u00e7abalar ve Suriye&#8217;deki krize siyasi \u00e7\u00f6z\u00fcm ufuklar\u0131n\u0131 masaya yat\u0131rd\u0131.<\/p>\n<p>Rusya Ba\u015fkanl\u0131k Saray\u0131 Kremlin bug\u00fcn yay\u0131nlad\u0131\u011f\u0131 beyanda Putin ve Renzi\u2019nin g\u00f6r\u00fc\u015fmelerinde Suriye&#8217;deki krize siyasi \u00e7\u00f6z\u00fcm ufuklar\u0131yla birlikte \u0130ran ile Suudi Arabistan aras\u0131nda mevcut duruma odakland\u0131klar\u0131n\u0131 belirtti. Beyanda g\u00f6r\u00fc\u015fmede ayr\u0131ca ter\u00f6rle m\u00fccadele kapsam\u0131nda uluslar aras\u0131 \u00e7abalar\u0131n daha derin bir \u015fekilde koordine edilmesi \u00f6nemine vurgu yap\u0131ld\u0131\u011f\u0131 kaydedildi.<\/p>\n","protected":false},"excerpt":{"rendered":"<p>MOSKOVA \u2013 Rusya Ba\u015fkan\u0131 Vladimir Putin \u0130talya Ba\u015fbakan\u0131 Matteo Renzi ile ter\u00f6rle m\u00fccadelede uluslararas\u0131 \u00e7abalar ve Suriye&#8217;deki krize siyasi \u00e7\u00f6z\u00fcm ufuklar\u0131n\u0131 masaya yat\u0131rd\u0131. Rusya Ba\u015fkanl\u0131k Saray\u0131 Kremlin bug\u00fcn yay\u0131nlad\u0131\u011f\u0131 beyanda Putin ve Renzi\u2019nin g\u00f6r\u00fc\u015fmelerinde Suriye&#8217;deki krize siyasi \u00e7\u00f6z\u00fcm ufuklar\u0131yla birlikte \u0130ran ile Suudi Arabistan aras\u0131nda mevcut duruma odakland\u0131klar\u0131n\u0131 belirtti. Beyanda g\u00f6r\u00fc\u015fmede ayr\u0131ca ter\u00f6rle m\u00fccadele kapsam\u0131nda &hellip;<\/p>\n","protected":false},"author":1,"featured_media":57331,"comment_status":"closed","ping_status":"closed","sticky":false,"template":"","format":"standard","meta":{"footnotes":""},"categories":[458,459,17988],"tags":[18437],"class_list":["post-57329","post","type-post","status-publish","format-standard","has-post-thumbnail","","category-dunya1","category-haberler-arap-uluslararasi-politika","category-son-haberler","tag-putin-ve-renzi-suriyedeki-krize-cozum-ufuklarini-gorustu"],"_links":{"self":[{"href":"https:\/\/archive.sana.sy\/tr\/index.php?rest_route=\/wp\/v2\/posts\/57329","targetHints":{"allow":["GET"]}}],"collection":[{"href":"https:\/\/archive.sana.sy\/tr\/index.php?rest_route=\/wp\/v2\/posts"}],"about":[{"href":"https:\/\/archive.sana.sy\/tr\/index.php?rest_route=\/wp\/v2\/types\/post"}],"author":[{"embeddable":true,"href":"https:\/\/archive.sana.sy\/tr\/index.php?rest_route=\/wp\/v2\/users\/1"}],"replies":[{"embeddable":true,"href":"https:\/\/archive.sana.sy\/tr\/index.php?rest_route=%2Fwp%2Fv2%2Fcomments&post=57329"}],"version-history":[{"count":0,"href":"https:\/\/archive.sana.sy\/tr\/index.php?rest_route=\/wp\/v2\/posts\/57329\/revisions"}],"wp:featuredmedia":[{"embeddable":true,"href":"https:\/\/archive.sana.sy\/tr\/index.php?rest_route=\/wp\/v2\/media\/57331"}],"wp:attachment":[{"href":"https:\/\/archive.sana.sy\/tr\/index.php?rest_route=%2Fwp%2Fv2%2Fmedia&parent=57329"}],"wp:term":[{"taxonomy":"category","embeddable":true,"href":"https:\/\/archive.sana.sy\/tr\/index.php?rest_route=%2Fwp%2Fv2%2Fcategories&post=57329"},{"taxonomy":"post_tag","embeddable":true,"href":"https:\/\/archive.sana.sy\/tr\/index.php?rest_route=%2Fwp%2Fv2%2Ftags&post=57329"}],"curies":[{"name":"wp","href":"https:\/\/api.w.org\/{rel}","templated":true}]}}