{"id":57333,"date":"2016-01-09T08:33:15","date_gmt":"2016-01-09T06:33:15","guid":{"rendered":"http:\/\/www.sana.sy\/tr\/?p=57333"},"modified":"2016-01-09T13:16:14","modified_gmt":"2016-01-09T11:16:14","slug":"tekfircilerin-orgutlendikleri-elektronik-sebeke-cokertilmelidir","status":"publish","type":"post","link":"https:\/\/archive.sana.sy\/tr\/?p=57333","title":{"rendered":"Tekfircilerin \u00d6rg\u00fctlendikleri Elektronik \u015eebeke \u00c7\u00f6kertilmelidir"},"content":{"rendered":"<p>BEYRUT \u2013 L\u00fcbnan D\u0131\u015fi\u015fleri ve Gurbet\u00e7iler Bakan\u0131 C\u00fcbran Basil Suriye&#8217;deki krizin siyasi yollar ve diyalogla \u00e7\u00f6z\u00fclmesinin yan\u0131 s\u0131ra Suriye&#8217;nin gelece\u011fi ve siyasi y\u00f6netimini belirleyecek yegane taraf\u0131n Suriye halk\u0131 oldu\u011funu bir kez daha vurgulad\u0131.<\/p>\n<p>Avusturya D\u0131\u015fi\u015fleri Bakan\u0131 Sebastian Kurz ile Beyrut\u2019ta bulundu\u011fu temaslar\u0131n ard\u0131ndan d\u00fczenledi\u011fi ortak bas\u0131n toplant\u0131s\u0131nda Basil; Suriye ve L\u00fcbnan\u2019da istikrar ve g\u00fcvenli\u011fin kar\u015f\u0131l\u0131kl\u0131 olarak iki \u00fclke ve halklar\u0131n\u0131n \u00e7\u0131karlar\u0131na hizmet etti\u011fine dikkat \u00e7ekti. Basil tekfirci ter\u00f6re kar\u015f\u0131 ortak, ciddi ve d\u00fcr\u00fcst m\u00fccadeleye davet ederek tekfircilerin \u00f6rg\u00fctlendikleri elektronik \u015febekenin \u00e7\u00f6kertilmesi gere\u011finin alt\u0131n\u0131 \u00e7izdi.<\/p>\n<p>M\u00fclteciler meselesinde ise Basil; m\u00fcltecilerin g\u00fcvenli ve g\u00f6n\u00fcll\u00fc olarak evlerine d\u00f6nmelerinden yana oldu\u011funu ifade ederken; bu meselenin siyasi \u00e7\u00f6z\u00fcmden \u00f6nce olabilece\u011fini s\u00f6yledi.<\/p>\n","protected":false},"excerpt":{"rendered":"<p>BEYRUT \u2013 L\u00fcbnan D\u0131\u015fi\u015fleri ve Gurbet\u00e7iler Bakan\u0131 C\u00fcbran Basil Suriye&#8217;deki krizin siyasi yollar ve diyalogla \u00e7\u00f6z\u00fclmesinin yan\u0131 s\u0131ra Suriye&#8217;nin gelece\u011fi ve siyasi y\u00f6netimini belirleyecek yegane taraf\u0131n Suriye halk\u0131 oldu\u011funu bir kez daha vurgulad\u0131. Avusturya D\u0131\u015fi\u015fleri Bakan\u0131 Sebastian Kurz ile Beyrut\u2019ta bulundu\u011fu temaslar\u0131n ard\u0131ndan d\u00fczenledi\u011fi ortak bas\u0131n toplant\u0131s\u0131nda Basil; Suriye ve L\u00fcbnan\u2019da istikrar ve g\u00fcvenli\u011fin kar\u015f\u0131l\u0131kl\u0131 &hellip;<\/p>\n","protected":false},"author":1,"featured_media":57335,"comment_status":"closed","ping_status":"closed","sticky":false,"template":"","format":"standard","meta":{"footnotes":""},"categories":[458,459,17988],"tags":[18438,18439],"class_list":["post-57333","post","type-post","status-publish","format-standard","has-post-thumbnail","","category-dunya1","category-haberler-arap-uluslararasi-politika","category-son-haberler","tag-cubran-basil","tag-lubnan-disisleri-bakani"],"_links":{"self":[{"href":"https:\/\/archive.sana.sy\/tr\/index.php?rest_route=\/wp\/v2\/posts\/57333","targetHints":{"allow":["GET"]}}],"collection":[{"href":"https:\/\/archive.sana.sy\/tr\/index.php?rest_route=\/wp\/v2\/posts"}],"about":[{"href":"https:\/\/archive.sana.sy\/tr\/index.php?rest_route=\/wp\/v2\/types\/post"}],"author":[{"embeddable":true,"href":"https:\/\/archive.sana.sy\/tr\/index.php?rest_route=\/wp\/v2\/users\/1"}],"replies":[{"embeddable":true,"href":"https:\/\/archive.sana.sy\/tr\/index.php?rest_route=%2Fwp%2Fv2%2Fcomments&post=57333"}],"version-history":[{"count":0,"href":"https:\/\/archive.sana.sy\/tr\/index.php?rest_route=\/wp\/v2\/posts\/57333\/revisions"}],"wp:featuredmedia":[{"embeddable":true,"href":"https:\/\/archive.sana.sy\/tr\/index.php?rest_route=\/wp\/v2\/media\/57335"}],"wp:attachment":[{"href":"https:\/\/archive.sana.sy\/tr\/index.php?rest_route=%2Fwp%2Fv2%2Fmedia&parent=57333"}],"wp:term":[{"taxonomy":"category","embeddable":true,"href":"https:\/\/archive.sana.sy\/tr\/index.php?rest_route=%2Fwp%2Fv2%2Fcategories&post=57333"},{"taxonomy":"post_tag","embeddable":true,"href":"https:\/\/archive.sana.sy\/tr\/index.php?rest_route=%2Fwp%2Fv2%2Ftags&post=57333"}],"curies":[{"name":"wp","href":"https:\/\/api.w.org\/{rel}","templated":true}]}}