{"id":57334,"date":"2016-01-09T12:39:51","date_gmt":"2016-01-09T10:39:51","guid":{"rendered":"http:\/\/www.sana.sy\/tr\/?p=57334"},"modified":"2016-01-09T12:39:51","modified_gmt":"2016-01-09T10:39:51","slug":"zakharova-davutoglu-sonuc-ile-neden-arasindaki-farki-goremiyor","status":"publish","type":"post","link":"https:\/\/archive.sana.sy\/tr\/?p=57334","title":{"rendered":"Zakharova: Davuto\u011flu Sonu\u00e7 ile Neden Aras\u0131ndaki Fark\u0131 G\u00f6remiyor"},"content":{"rendered":"<p>MOSKOVA \u2013 Rusya D\u0131\u015fi\u015fleri Bakanln\u0131\u011f\u0131 s\u00f6zc\u00fcs\u00fc Maria Zakharova T\u00fcrk yetkililerin \u2018m\u00fclteciler krizine\u2019 ili\u015fkin bulunduklar\u0131 a\u00e7\u0131klamalar\u0131 ele\u015ftirirken; bu a\u00e7\u0131klamalar\u0131n sorumluluktan ka\u00e7ma ama\u00e7l\u0131 sa\u00e7ma ve mant\u0131ks\u0131z oldu\u011funu belirtti.<\/p>\n<p>Zakharova bas\u0131na yapt\u0131\u011f\u0131 ve RT web sitesinin aktard\u0131\u011f\u0131 a\u00e7\u0131klamalar\u0131nda; \u201cT\u00fcrkiye h\u00fck\u00fcmeti sa\u00e7ma ve anormal bir mant\u0131k izledi\u011fini belirterek; T\u00fcrkiye sahilleri a\u00e7\u0131klar\u0131nda denizde bo\u011fularak \u00f6len Suriyeli m\u00fclteciler meselesinde sorumluluklardan ka\u00e7mak i\u00e7in sa\u00e7ma ve mant\u0131ks\u0131z ele\u015ftirilerde bulundu\u011funu\u201d s\u00f6yledi.<\/p>\n<p>Rusya D\u0131\u015fi\u015fleri Bakanl\u0131\u011f\u0131 s\u00f6zc\u00fcs\u00fc Zakharavo; Ahmet Davuto\u011flu\u2019nun, mant\u0131ks\u0131z ve sa\u00e7ma tutumlar\u0131yla m\u00fclteciler meselesinde \u2018neden\u2019 ve \u2018sonu\u00e7\u2019 aras\u0131ndaki fark\u0131 g\u00f6remedi\u011fini s\u00f6yledi. Zakharova T\u00fcrkiye rejiminin ter\u00f6re deste\u011fi nedeniyle hayat\u0131n\u0131 kaybeden Suriyelilerin say\u0131s\u0131na da i\u015faret etti.<\/p>\n<p>T\u00fcrkiye&#8217;de ihvanc\u0131 rejim ba\u015fbakan\u0131 Ahmet Davuto\u011flu birka\u00e7 g\u00fcn \u00f6nce yapt\u0131\u011f\u0131 a\u00e7\u0131klamada; \u201cEge Denizinde g\u00fcn\u00fc birlik olarak bir\u00e7ok Suriyelinin denizde bo\u011fulmas\u0131ndan, Suriye h\u00fck\u00fcmetini destekleyen Rusya&#8217;n\u0131n sorumlu oldu\u011funu\u201d iddia etmi\u015f; kendisi ve rejiminin Kaide \u00d6rg\u00fct\u00fcn\u00fcn Suriye kolu Nusra Cephesi ve I\u015e\u0130D dahil \u00e7okuluslu tekfirci ter\u00f6ristlere deste\u011fini g\u00f6rmezden gelmi\u015fti.<\/p>\n","protected":false},"excerpt":{"rendered":"<p>MOSKOVA \u2013 Rusya D\u0131\u015fi\u015fleri Bakanln\u0131\u011f\u0131 s\u00f6zc\u00fcs\u00fc Maria Zakharova T\u00fcrk yetkililerin \u2018m\u00fclteciler krizine\u2019 ili\u015fkin bulunduklar\u0131 a\u00e7\u0131klamalar\u0131 ele\u015ftirirken; bu a\u00e7\u0131klamalar\u0131n sorumluluktan ka\u00e7ma ama\u00e7l\u0131 sa\u00e7ma ve mant\u0131ks\u0131z oldu\u011funu belirtti. Zakharova bas\u0131na yapt\u0131\u011f\u0131 ve RT web sitesinin aktard\u0131\u011f\u0131 a\u00e7\u0131klamalar\u0131nda; \u201cT\u00fcrkiye h\u00fck\u00fcmeti sa\u00e7ma ve anormal bir mant\u0131k izledi\u011fini belirterek; T\u00fcrkiye sahilleri a\u00e7\u0131klar\u0131nda denizde bo\u011fularak \u00f6len Suriyeli m\u00fclteciler meselesinde sorumluluklardan ka\u00e7mak &hellip;<\/p>\n","protected":false},"author":1,"featured_media":57339,"comment_status":"closed","ping_status":"closed","sticky":false,"template":"","format":"standard","meta":{"footnotes":""},"categories":[17988,2554,2555],"tags":[18441,18066,18440,18442],"class_list":["post-57334","post","type-post","status-publish","format-standard","has-post-thumbnail","","category-son-haberler","category-suriye-ve-dunya","category-suriye-ve-turkiye","tag-ahmet-davutoglu","tag-erdogan-rejimi","tag-rusya-disisleri-bakanlnigi-sozcusu-maria-zakharova","tag-suriyeli-multeciler"],"_links":{"self":[{"href":"https:\/\/archive.sana.sy\/tr\/index.php?rest_route=\/wp\/v2\/posts\/57334","targetHints":{"allow":["GET"]}}],"collection":[{"href":"https:\/\/archive.sana.sy\/tr\/index.php?rest_route=\/wp\/v2\/posts"}],"about":[{"href":"https:\/\/archive.sana.sy\/tr\/index.php?rest_route=\/wp\/v2\/types\/post"}],"author":[{"embeddable":true,"href":"https:\/\/archive.sana.sy\/tr\/index.php?rest_route=\/wp\/v2\/users\/1"}],"replies":[{"embeddable":true,"href":"https:\/\/archive.sana.sy\/tr\/index.php?rest_route=%2Fwp%2Fv2%2Fcomments&post=57334"}],"version-history":[{"count":0,"href":"https:\/\/archive.sana.sy\/tr\/index.php?rest_route=\/wp\/v2\/posts\/57334\/revisions"}],"wp:featuredmedia":[{"embeddable":true,"href":"https:\/\/archive.sana.sy\/tr\/index.php?rest_route=\/wp\/v2\/media\/57339"}],"wp:attachment":[{"href":"https:\/\/archive.sana.sy\/tr\/index.php?rest_route=%2Fwp%2Fv2%2Fmedia&parent=57334"}],"wp:term":[{"taxonomy":"category","embeddable":true,"href":"https:\/\/archive.sana.sy\/tr\/index.php?rest_route=%2Fwp%2Fv2%2Fcategories&post=57334"},{"taxonomy":"post_tag","embeddable":true,"href":"https:\/\/archive.sana.sy\/tr\/index.php?rest_route=%2Fwp%2Fv2%2Ftags&post=57334"}],"curies":[{"name":"wp","href":"https:\/\/api.w.org\/{rel}","templated":true}]}}