{"id":57338,"date":"2016-01-09T09:38:10","date_gmt":"2016-01-09T07:38:10","guid":{"rendered":"http:\/\/www.sana.sy\/tr\/?p=57338"},"modified":"2016-01-09T12:41:47","modified_gmt":"2016-01-09T10:41:47","slug":"de-mistura-sami-ziyaret-ediyor","status":"publish","type":"post","link":"https:\/\/archive.sana.sy\/tr\/?p=57338","title":{"rendered":"De Mistura \u015eam\u2019\u0131 Ziyaret Ediyor"},"content":{"rendered":"<p>\u015eAM \u2013 BM Suriye \u00d6zel Temsilcisi Staffan de Mistura bu ay\u0131n sonlar\u0131na do\u011fru Cenevre\u2019de d\u00fczenlenmesi beklenen ve Suriyeliler aras\u0131nda diyalogun ba\u015flat\u0131lmas\u0131n\u0131 ama\u00e7layan toplant\u0131lara haz\u0131rl\u0131k kapsam\u0131nda bulundu b\u00f6lge turu \u00e7er\u00e7evesinde d\u00fcn \u015eam\u2019a ula\u015ft\u0131.<\/p>\n<p>De Mistura 25 Ocakta yap\u0131lmas\u0131 beklenen s\u00f6z konusu g\u00f6r\u00fc\u015fmelere haz\u0131rl\u0131k ve b\u00f6lge turunda bulundu\u011fu g\u00f6r\u00fc\u015fmelerin sonu\u00e7lar\u0131n\u0131 bug\u00fcn Ba\u015fbakan Yard\u0131mc\u0131s\u0131 D\u0131\u015fi\u015fleri ve Gurbet\u00e7iler Bakan\u0131 Velid el Muallim ile bir araya geliyor.<\/p>\n<p>BM s\u00f6zc\u00fcs\u00fc Ferhan Hak de Mistura\u2019n\u0131n ayn\u0131 ama\u00e7l\u0131 olarak b\u00f6lge turunu tamamlayaca\u011f\u0131n\u0131 ilan ederken, yar\u0131n Pazar g\u00fcn\u00fc \u0130ranl\u0131 yetkililerle temaslarda bulunmak i\u00e7in Tahran\u2019\u0131 ziyaret edece\u011fini a\u00e7\u0131klad\u0131.<\/p>\n","protected":false},"excerpt":{"rendered":"<p>\u015eAM \u2013 BM Suriye \u00d6zel Temsilcisi Staffan de Mistura bu ay\u0131n sonlar\u0131na do\u011fru Cenevre\u2019de d\u00fczenlenmesi beklenen ve Suriyeliler aras\u0131nda diyalogun ba\u015flat\u0131lmas\u0131n\u0131 ama\u00e7layan toplant\u0131lara haz\u0131rl\u0131k kapsam\u0131nda bulundu b\u00f6lge turu \u00e7er\u00e7evesinde d\u00fcn \u015eam\u2019a ula\u015ft\u0131. De Mistura 25 Ocakta yap\u0131lmas\u0131 beklenen s\u00f6z konusu g\u00f6r\u00fc\u015fmelere haz\u0131rl\u0131k ve b\u00f6lge turunda bulundu\u011fu g\u00f6r\u00fc\u015fmelerin sonu\u00e7lar\u0131n\u0131 bug\u00fcn Ba\u015fbakan Yard\u0131mc\u0131s\u0131 D\u0131\u015fi\u015fleri ve Gurbet\u00e7iler Bakan\u0131 &hellip;<\/p>\n","protected":false},"author":1,"featured_media":57342,"comment_status":"closed","ping_status":"closed","sticky":false,"template":"","format":"standard","meta":{"footnotes":""},"categories":[479,17988,478],"tags":[18443],"class_list":["post-57338","post","type-post","status-publish","format-standard","has-post-thumbnail","","category-haberler-yerel","category-son-haberler","category-yerel","tag-bm-suriye-ozel-temsilcisi-staffan-de-mistura"],"_links":{"self":[{"href":"https:\/\/archive.sana.sy\/tr\/index.php?rest_route=\/wp\/v2\/posts\/57338","targetHints":{"allow":["GET"]}}],"collection":[{"href":"https:\/\/archive.sana.sy\/tr\/index.php?rest_route=\/wp\/v2\/posts"}],"about":[{"href":"https:\/\/archive.sana.sy\/tr\/index.php?rest_route=\/wp\/v2\/types\/post"}],"author":[{"embeddable":true,"href":"https:\/\/archive.sana.sy\/tr\/index.php?rest_route=\/wp\/v2\/users\/1"}],"replies":[{"embeddable":true,"href":"https:\/\/archive.sana.sy\/tr\/index.php?rest_route=%2Fwp%2Fv2%2Fcomments&post=57338"}],"version-history":[{"count":0,"href":"https:\/\/archive.sana.sy\/tr\/index.php?rest_route=\/wp\/v2\/posts\/57338\/revisions"}],"wp:featuredmedia":[{"embeddable":true,"href":"https:\/\/archive.sana.sy\/tr\/index.php?rest_route=\/wp\/v2\/media\/57342"}],"wp:attachment":[{"href":"https:\/\/archive.sana.sy\/tr\/index.php?rest_route=%2Fwp%2Fv2%2Fmedia&parent=57338"}],"wp:term":[{"taxonomy":"category","embeddable":true,"href":"https:\/\/archive.sana.sy\/tr\/index.php?rest_route=%2Fwp%2Fv2%2Fcategories&post=57338"},{"taxonomy":"post_tag","embeddable":true,"href":"https:\/\/archive.sana.sy\/tr\/index.php?rest_route=%2Fwp%2Fv2%2Ftags&post=57338"}],"curies":[{"name":"wp","href":"https:\/\/api.w.org\/{rel}","templated":true}]}}