{"id":57347,"date":"2016-01-09T13:04:09","date_gmt":"2016-01-09T11:04:09","guid":{"rendered":"http:\/\/www.sana.sy\/tr\/?p=57347"},"modified":"2016-01-10T11:30:24","modified_gmt":"2016-01-10T09:30:24","slug":"teror-yanlisi-medya-dezenformasyon-fotolarla-insanlari-kandiriyor","status":"publish","type":"post","link":"https:\/\/archive.sana.sy\/tr\/?p=57347","title":{"rendered":"Ter\u00f6r Yanl\u0131s\u0131 Medya Dezenformasyon Fotolarla \u0130nsanlar\u0131 Kand\u0131r\u0131yor"},"content":{"rendered":"<p>\u015eAM \u2013 Suriye&#8217;de olaylar\u0131n ba\u015flamas\u0131ndan bu yana aralar\u0131nda Kaide \u00d6rg\u00fct\u00fcn\u00fcn Suriye kolu Nusra Cephesinin de bulundu\u011fu \u00e7okuluslu tekfirci ter\u00f6r \u00f6rg\u00fctleri destekleyen medya ara\u00e7lar\u0131 \u015eam k\u0131rsal\u0131 Madaya Beldesine ili\u015fkin h\u0131r\u00e7\u0131n ve as\u0131ls\u0131z bir medya hamlesi y\u00fcr\u00fct\u00fctken, bu hamlelerinde sahte foto\u011fraflar kulland\u0131.<\/p>\n<p>Haberler ve raporlar\u0131nda mesleki ve insani ahlaktan yoksunluklar\u0131n\u0131 kan\u0131tlayan, siyonist ve petrodolar planlar\u0131na hizmet eden s\u00f6z konusu medya ara\u00e7lar\u0131; hamlelerinde kulland\u0131klar\u0131 foto\u011fraflar\u0131n bir k\u0131sm\u0131 Bat\u0131l\u0131 web sitelerinden bir k\u0131sm\u0131 da y\u0131llar \u00f6nce yay\u0131nlanan haberlerden al\u0131nm\u0131\u015f foto\u011fraflarla Madaya beldesinde \u2018a\u00e7l\u0131ktan insanlar\u0131n \u00f6ld\u00fc\u011f\u00fcn\u00fc\u2019 iddia etmelerinin ger\u00e7eklerle hi\u00e7bir ilgisinin olmad\u0131\u011f\u0131 kan\u0131tland\u0131.<br \/>\nUluslar aras\u0131 K\u0131z\u0131lha\u00e7 \u00d6rg\u00fct\u00fcn\u00fcn de yalanlad\u0131\u011f\u0131 s\u00f6z konusu iddia ve foto\u011fraflar; kendilerini uluslar aras\u0131 d\u00fczeyde tan\u0131nm\u0131\u015f muteber medya kaynaklar\u0131 imaj\u0131 veren kimi medya ara\u00e7lar\u0131n\u0131n tarihinde y\u00fcz karas\u0131 bir leke say\u0131l\u0131yor.<\/p>\n<p>Aralar\u0131nda Suudili ter\u00f6r eleba\u015f\u0131 Abdullah el Muheysni\u2019nin bulundu\u011fu bir\u00e7ok taraf ba\u011f\u0131\u015f toplamada al\u0131\u015f\u0131la geldi\u011fi gibi \u00e7ocuk fotolar\u0131n\u0131 kullan\u0131yor. Bu iddialarda da bir soru i\u015faretini g\u00f6rmezden geliyorlar. \u015eayet Madaya iddia ettikleri gibi s\u0131k\u0131 bir abluka alt\u0131ndaysa, bu yard\u0131m ve ba\u011f\u0131\u015flar\u0131 oradaki halka nas\u0131l ula\u015ft\u0131racaklar?<\/p>\n<p>Asl\u0131nda Madaya\u2019daki t\u00fcm durumlar\u0131n sorumlulu\u011fu tamamen ter\u00f6ristlere d\u00fc\u015fmektedir. Ter\u00f6ristlere destekleriyle bilinen medya ara\u00e7lar\u0131n\u0131n yalanlar\u0131n\u0131n bir kan\u0131t\u0131 olarak veriler s\u00f6z konusu ter\u00f6ristlerin i\u015fgalindeki beldeye ili\u015fkin bir\u00e7ok ge\u00e7e\u011fi ortaya seriyor.<\/p>\n<p>Yetkili kaynaklar 18 Ekim\u2019de Madaya ve civar\u0131ndaki beldelere g\u0131da ve t\u0131bbi yard\u0131m ta\u015f\u0131yan onlarca kamyonun girdi\u011fini belirtirken; buna e\u015f zamanl\u0131 olarak \u0130dlib k\u0131rsal\u0131nda tekfirci ter\u00f6ristlerin ablukas\u0131 alt\u0131ndaki Fua ve Kefraya ahalisine de benzer yard\u0131mlar ge\u00e7irildi\u011fe dikkat \u00e7ekti.<\/p>\n<p>Fakat ger\u00e7ek \u015fu ki; sahada mevcut ter\u00f6r komutanlar\u0131 insan\u0131 yard\u0131mlar\u0131n da\u011f\u0131t\u0131lmas\u0131n\u0131 kontrol ediyor. Kendilerine has depolarda saklad\u0131klar\u0131 bu yard\u0131mlar\u0131, y\u00fcksek fiyatlarla istediklerine sat\u0131yor.<\/p>\n<p>Bu arada Madaya Beldesinde geneli Ahrar el \u015eam \u0130slami Hareketine tabi 600\u2019den fazla ter\u00f6rist bulunuyor. Kaide \u00d6rg\u00fct\u00fcne ba\u011fl\u0131 Nusra Cephesi ise ter\u00f6ristlerin %30\u2019zunu olu\u015ftururken, geriye kalan k\u00fc\u00e7\u00fck b\u00f6l\u00fcm de \u2018\u0131l\u0131ml\u0131 muhalifler\u2019 olarak adland\u0131r\u0131lan \u00e7etelerden olu\u015fuyor.<\/p>\n","protected":false},"excerpt":{"rendered":"<p>\u015eAM \u2013 Suriye&#8217;de olaylar\u0131n ba\u015flamas\u0131ndan bu yana aralar\u0131nda Kaide \u00d6rg\u00fct\u00fcn\u00fcn Suriye kolu Nusra Cephesinin de bulundu\u011fu \u00e7okuluslu tekfirci ter\u00f6r \u00f6rg\u00fctleri destekleyen medya ara\u00e7lar\u0131 \u015eam k\u0131rsal\u0131 Madaya Beldesine ili\u015fkin h\u0131r\u00e7\u0131n ve as\u0131ls\u0131z bir medya hamlesi y\u00fcr\u00fct\u00fctken, bu hamlelerinde sahte foto\u011fraflar kulland\u0131. Haberler ve raporlar\u0131nda mesleki ve insani ahlaktan yoksunluklar\u0131n\u0131 kan\u0131tlayan, siyonist ve petrodolar planlar\u0131na hizmet eden &hellip;<\/p>\n","protected":false},"author":1,"featured_media":57348,"comment_status":"closed","ping_status":"closed","sticky":false,"template":"","format":"standard","meta":{"footnotes":""},"categories":[479,575,17988,478],"tags":[18446,18448,18447,18449],"class_list":["post-57347","post","type-post","status-publish","format-standard","has-post-thumbnail","","category-haberler-yerel","category-olaylar-ve-gercekler","category-son-haberler","category-yerel","tag-aclik","tag-insani-yardim","tag-madaya","tag-medya-hamlesi"],"_links":{"self":[{"href":"https:\/\/archive.sana.sy\/tr\/index.php?rest_route=\/wp\/v2\/posts\/57347","targetHints":{"allow":["GET"]}}],"collection":[{"href":"https:\/\/archive.sana.sy\/tr\/index.php?rest_route=\/wp\/v2\/posts"}],"about":[{"href":"https:\/\/archive.sana.sy\/tr\/index.php?rest_route=\/wp\/v2\/types\/post"}],"author":[{"embeddable":true,"href":"https:\/\/archive.sana.sy\/tr\/index.php?rest_route=\/wp\/v2\/users\/1"}],"replies":[{"embeddable":true,"href":"https:\/\/archive.sana.sy\/tr\/index.php?rest_route=%2Fwp%2Fv2%2Fcomments&post=57347"}],"version-history":[{"count":0,"href":"https:\/\/archive.sana.sy\/tr\/index.php?rest_route=\/wp\/v2\/posts\/57347\/revisions"}],"wp:featuredmedia":[{"embeddable":true,"href":"https:\/\/archive.sana.sy\/tr\/index.php?rest_route=\/wp\/v2\/media\/57348"}],"wp:attachment":[{"href":"https:\/\/archive.sana.sy\/tr\/index.php?rest_route=%2Fwp%2Fv2%2Fmedia&parent=57347"}],"wp:term":[{"taxonomy":"category","embeddable":true,"href":"https:\/\/archive.sana.sy\/tr\/index.php?rest_route=%2Fwp%2Fv2%2Fcategories&post=57347"},{"taxonomy":"post_tag","embeddable":true,"href":"https:\/\/archive.sana.sy\/tr\/index.php?rest_route=%2Fwp%2Fv2%2Ftags&post=57347"}],"curies":[{"name":"wp","href":"https:\/\/api.w.org\/{rel}","templated":true}]}}