{"id":57350,"date":"2016-01-09T13:10:18","date_gmt":"2016-01-09T11:10:18","guid":{"rendered":"http:\/\/www.sana.sy\/tr\/?p=57350"},"modified":"2016-01-09T13:08:35","modified_gmt":"2016-01-09T11:08:35","slug":"25-ocakta-cenevrede-suriyeliler-arasinda-yapilacak-diyolog-gorusmelerine-hazirliklarin-yani-sira-de-misturanin-bolge-turunda-bulundugu-gorusmeler-ve-sonuclarinin-masaya-yati","status":"publish","type":"post","link":"https:\/\/archive.sana.sy\/tr\/?p=57350","title":{"rendered":"25 Ocak\u2019ta Cenevre\u2019de Suriyeliler aras\u0131nda yap\u0131lacak diyolog g\u00f6r\u00fc\u015fmelerine haz\u0131rl\u0131klar\u0131n yan\u0131 s\u0131ra de Mistura\u2019n\u0131n b\u00f6lge turunda bulundu\u011fu g\u00f6r\u00fc\u015fmeler ve sonu\u00e7lar\u0131n\u0131n masaya yat\u0131r\u0131ld\u0131\u011f\u0131 g\u00f6r\u00fc\u015fmede Muallim Suriye&#8217;nin; ter\u00f6rle m\u00fccadeleyle birlikte Suriyeliler aras\u0131nda diyalog s\u00fcrecini ilerletme \u00e7abalar\u0131nda Suriye&#8217;nin de Mistura\u2019ya deste\u011fini yineledi."},"content":{"rendered":"<p>25 Ocak\u2019ta Cenevre\u2019de Suriyeliler aras\u0131nda yap\u0131lacak diyolog g\u00f6r\u00fc\u015fmelerine haz\u0131rl\u0131klar\u0131n yan\u0131 s\u0131ra de Mistura\u2019n\u0131n b\u00f6lge turunda bulundu\u011fu g\u00f6r\u00fc\u015fmeler ve sonu\u00e7lar\u0131n\u0131n masaya yat\u0131r\u0131ld\u0131\u011f\u0131 g\u00f6r\u00fc\u015fmede Muallim Suriye&#8217;nin; ter\u00f6rle m\u00fccadeleyle birlikte Suriyeliler aras\u0131nda diyalog s\u00fcrecini ilerletme \u00e7abalar\u0131nda Suriye&#8217;nin de Mistura\u2019ya deste\u011fini yineledi.<\/p>\n","protected":false},"excerpt":{"rendered":"<p>25 Ocak\u2019ta Cenevre\u2019de Suriyeliler aras\u0131nda yap\u0131lacak diyolog g\u00f6r\u00fc\u015fmelerine haz\u0131rl\u0131klar\u0131n yan\u0131 s\u0131ra de Mistura\u2019n\u0131n b\u00f6lge turunda bulundu\u011fu g\u00f6r\u00fc\u015fmeler ve sonu\u00e7lar\u0131n\u0131n masaya yat\u0131r\u0131ld\u0131\u011f\u0131 g\u00f6r\u00fc\u015fmede Muallim Suriye&#8217;nin; ter\u00f6rle m\u00fccadeleyle birlikte Suriyeliler aras\u0131nda diyalog s\u00fcrecini ilerletme \u00e7abalar\u0131nda Suriye&#8217;nin de Mistura\u2019ya deste\u011fini yineledi.<\/p>\n","protected":false},"author":1,"featured_media":0,"comment_status":"closed","ping_status":"closed","sticky":false,"template":"","format":"standard","meta":{"footnotes":""},"categories":[17991],"tags":[],"class_list":["post-57350","post","type-post","status-publish","format-standard","","category-son-dakika"],"_links":{"self":[{"href":"https:\/\/archive.sana.sy\/tr\/index.php?rest_route=\/wp\/v2\/posts\/57350","targetHints":{"allow":["GET"]}}],"collection":[{"href":"https:\/\/archive.sana.sy\/tr\/index.php?rest_route=\/wp\/v2\/posts"}],"about":[{"href":"https:\/\/archive.sana.sy\/tr\/index.php?rest_route=\/wp\/v2\/types\/post"}],"author":[{"embeddable":true,"href":"https:\/\/archive.sana.sy\/tr\/index.php?rest_route=\/wp\/v2\/users\/1"}],"replies":[{"embeddable":true,"href":"https:\/\/archive.sana.sy\/tr\/index.php?rest_route=%2Fwp%2Fv2%2Fcomments&post=57350"}],"version-history":[{"count":0,"href":"https:\/\/archive.sana.sy\/tr\/index.php?rest_route=\/wp\/v2\/posts\/57350\/revisions"}],"wp:attachment":[{"href":"https:\/\/archive.sana.sy\/tr\/index.php?rest_route=%2Fwp%2Fv2%2Fmedia&parent=57350"}],"wp:term":[{"taxonomy":"category","embeddable":true,"href":"https:\/\/archive.sana.sy\/tr\/index.php?rest_route=%2Fwp%2Fv2%2Fcategories&post=57350"},{"taxonomy":"post_tag","embeddable":true,"href":"https:\/\/archive.sana.sy\/tr\/index.php?rest_route=%2Fwp%2Fv2%2Ftags&post=57350"}],"curies":[{"name":"wp","href":"https:\/\/api.w.org\/{rel}","templated":true}]}}