{"id":57352,"date":"2016-01-09T15:30:49","date_gmt":"2016-01-09T13:30:49","guid":{"rendered":"http:\/\/www.sana.sy\/tr\/?p=57352"},"modified":"2016-01-11T16:35:27","modified_gmt":"2016-01-11T14:35:27","slug":"muallim-de-misturayi-kabul-etti-2","status":"publish","type":"post","link":"https:\/\/archive.sana.sy\/tr\/?p=57352","title":{"rendered":"\u00c7\u00f6z\u00fcm ve Ter\u00f6rle M\u00fccadele \u015eu Ko\u015fullara Ba\u011fl\u0131d\u0131r"},"content":{"rendered":"<p>\u015eAM \u2013 Ba\u015fbakan Yard\u0131mc\u0131s\u0131 D\u0131\u015fi\u015fleri ve Gurbet\u00e7iler Bakan\u0131 Velid el Muallim BM Suriye \u00f6zel temsilcisi Staffan de Mistura ve ona e\u015flik eden heyeti kabul etti.<\/p>\n<p>25 Ocak\u2019ta Cenevre\u2019de Suriyeliler aras\u0131nda yap\u0131lacak diyolog g\u00f6r\u00fc\u015fmelerine haz\u0131rl\u0131klar\u0131n yan\u0131 s\u0131ra de Mistura\u2019n\u0131n b\u00f6lge turunda bulundu\u011fu g\u00f6r\u00fc\u015fmeler ve sonu\u00e7lar\u0131n\u0131n masaya yat\u0131r\u0131ld\u0131\u011f\u0131 g\u00f6r\u00fc\u015fmede Muallim Suriye&#8217;nin; ter\u00f6rle m\u00fccadeleyle birlikte Suriyeliler aras\u0131nda diyalog s\u00fcrecini ilerletme \u00e7abalar\u0131nda Suriye&#8217;nin de Mistura\u2019ya deste\u011fini yineledi. Muallim Suriye&#8217;nin \u00f6nerilen tarihte yap\u0131lacak Cenevre g\u00f6r\u00fc\u015fmelerine kat\u0131lmaya haz\u0131r oldu\u011funu ifade etti. Cenevre g\u00f6r\u00fc\u015fmelerine kat\u0131lacak \u2018muhalefet listesinin\u2019 temin edilmesi gere\u011fini belirten Muallim; ayn\u0131 zamanda Suriye&#8217;de faaliyet g\u00f6steren ter\u00f6r \u00f6rg\u00fctleri listesinin de temininin \u00f6nemine vurgu yapt\u0131.<\/p>\n<p>Muallim ter\u00f6rle m\u00fccadele ba\u015fta olmak \u00fczere BM g\u00fcvenlik Konseyi kararlar\u0131na ba\u011fl\u0131 kal\u0131nmas\u0131 gere\u011fini belirtti. Suriye&#8217;deki krize siyasi \u00e7\u00f6z\u00fcm \u00e7abalar\u0131 ve G\u00fcvenlik Konseyinin ilgili kararlar\u0131n\u0131n ter\u00f6rle m\u00fccadele \u00e7abalar\u0131n\u0131n d\u00fcr\u00fcstl\u00fc\u011f\u00fcne ko\u015fullu oldu\u011funu ifade eden Muallim; bunun da ter\u00f6re her t\u00fcrl\u00fc destek temin eden devletlerin bu desteklerini kesmelerine zorlanmalar\u0131n\u0131 gerektirdi\u011finin alt\u0131n\u0131 \u00e7izdi.<\/p>\n<p>Kendi taraf\u0131ndan de Mistura g\u00f6r\u00fc\u015fmede Suriye&#8217;deki krizin siyasi \u00e7\u00f6z\u00fcm\u00fc ve Suriyeliler aras\u0131ndaki diyalogun ba\u015flat\u0131lmas\u0131 y\u00f6n\u00fcnde harcad\u0131\u011f\u0131 \u00e7abalar ve uluslar aras\u0131 geli\u015fmeler konusunda Muallim\u2019e bir sunum takdim etti.<\/p>\n<div id='gallery-1' class='gallery galleryid-57352 gallery-columns-3 gallery-size-thumbnail'><figure class='gallery-item'>\n\t\t\t<div class='gallery-icon landscape'>\n\t\t\t\t<a href='https:\/\/archive.sana.sy\/tr\/wp-content\/uploads\/2016\/01\/2-12.jpg'><img loading=\"lazy\" decoding=\"async\" width=\"150\" height=\"95\" src=\"https:\/\/archive.sana.sy\/tr\/wp-content\/uploads\/2016\/01\/2-12-150x95.jpg\" class=\"attachment-thumbnail size-thumbnail\" alt=\"\" srcset=\"https:\/\/archive.sana.sy\/tr\/wp-content\/uploads\/2016\/01\/2-12-150x95.jpg 150w, https:\/\/archive.sana.sy\/tr\/wp-content\/uploads\/2016\/01\/2-12-300x190.jpg 300w, https:\/\/archive.sana.sy\/tr\/wp-content\/uploads\/2016\/01\/2-12-768x487.jpg 768w, https:\/\/archive.sana.sy\/tr\/wp-content\/uploads\/2016\/01\/2-12-1024x649.jpg 1024w\" sizes=\"auto, (max-width: 150px) 100vw, 150px\" \/><\/a>\n\t\t\t<\/div><\/figure><figure class='gallery-item'>\n\t\t\t<div class='gallery-icon landscape'>\n\t\t\t\t<a href='https:\/\/archive.sana.sy\/tr\/wp-content\/uploads\/2016\/01\/1-21.jpg'><img loading=\"lazy\" decoding=\"async\" width=\"150\" height=\"92\" src=\"https:\/\/archive.sana.sy\/tr\/wp-content\/uploads\/2016\/01\/1-21-150x92.jpg\" class=\"attachment-thumbnail size-thumbnail\" alt=\"\" srcset=\"https:\/\/archive.sana.sy\/tr\/wp-content\/uploads\/2016\/01\/1-21-150x92.jpg 150w, https:\/\/archive.sana.sy\/tr\/wp-content\/uploads\/2016\/01\/1-21-300x183.jpg 300w, https:\/\/archive.sana.sy\/tr\/wp-content\/uploads\/2016\/01\/1-21-768x469.jpg 768w, https:\/\/archive.sana.sy\/tr\/wp-content\/uploads\/2016\/01\/1-21-1024x625.jpg 1024w\" sizes=\"auto, (max-width: 150px) 100vw, 150px\" \/><\/a>\n\t\t\t<\/div><\/figure><figure class='gallery-item'>\n\t\t\t<div class='gallery-icon landscape'>\n\t\t\t\t<a href='https:\/\/archive.sana.sy\/tr\/wp-content\/uploads\/2016\/01\/0-53.jpg'><img loading=\"lazy\" decoding=\"async\" width=\"150\" height=\"100\" src=\"https:\/\/archive.sana.sy\/tr\/wp-content\/uploads\/2016\/01\/0-53-150x100.jpg\" class=\"attachment-thumbnail size-thumbnail\" alt=\"\" srcset=\"https:\/\/archive.sana.sy\/tr\/wp-content\/uploads\/2016\/01\/0-53-150x100.jpg 150w, https:\/\/archive.sana.sy\/tr\/wp-content\/uploads\/2016\/01\/0-53-300x201.jpg 300w, https:\/\/archive.sana.sy\/tr\/wp-content\/uploads\/2016\/01\/0-53-768x514.jpg 768w, https:\/\/archive.sana.sy\/tr\/wp-content\/uploads\/2016\/01\/0-53-1024x685.jpg 1024w, https:\/\/archive.sana.sy\/tr\/wp-content\/uploads\/2016\/01\/0-53-310x205.jpg 310w\" sizes=\"auto, (max-width: 150px) 100vw, 150px\" \/><\/a>\n\t\t\t<\/div><\/figure>\n\t\t<\/div>\n\n","protected":false},"excerpt":{"rendered":"<p>\u015eAM \u2013 Ba\u015fbakan Yard\u0131mc\u0131s\u0131 D\u0131\u015fi\u015fleri ve Gurbet\u00e7iler Bakan\u0131 Velid el Muallim BM Suriye \u00f6zel temsilcisi Staffan de Mistura ve ona e\u015flik eden heyeti kabul etti. 25 Ocak\u2019ta Cenevre\u2019de Suriyeliler aras\u0131nda yap\u0131lacak diyolog g\u00f6r\u00fc\u015fmelerine haz\u0131rl\u0131klar\u0131n yan\u0131 s\u0131ra de Mistura\u2019n\u0131n b\u00f6lge turunda bulundu\u011fu g\u00f6r\u00fc\u015fmeler ve sonu\u00e7lar\u0131n\u0131n masaya yat\u0131r\u0131ld\u0131\u011f\u0131 g\u00f6r\u00fc\u015fmede Muallim Suriye&#8217;nin; ter\u00f6rle m\u00fccadeleyle birlikte Suriyeliler aras\u0131nda diyalog &hellip;<\/p>\n","protected":false},"author":1,"featured_media":57356,"comment_status":"closed","ping_status":"closed","sticky":false,"template":"","format":"standard","meta":{"footnotes":""},"categories":[479,17988,478],"tags":[16772,18443],"class_list":["post-57352","post","type-post","status-publish","format-standard","has-post-thumbnail","","category-haberler-yerel","category-son-haberler","category-yerel","tag-basbakan-yardimcisi-disisleri-ve-gurbetciler-bakani-velid-el-muallim","tag-bm-suriye-ozel-temsilcisi-staffan-de-mistura"],"_links":{"self":[{"href":"https:\/\/archive.sana.sy\/tr\/index.php?rest_route=\/wp\/v2\/posts\/57352","targetHints":{"allow":["GET"]}}],"collection":[{"href":"https:\/\/archive.sana.sy\/tr\/index.php?rest_route=\/wp\/v2\/posts"}],"about":[{"href":"https:\/\/archive.sana.sy\/tr\/index.php?rest_route=\/wp\/v2\/types\/post"}],"author":[{"embeddable":true,"href":"https:\/\/archive.sana.sy\/tr\/index.php?rest_route=\/wp\/v2\/users\/1"}],"replies":[{"embeddable":true,"href":"https:\/\/archive.sana.sy\/tr\/index.php?rest_route=%2Fwp%2Fv2%2Fcomments&post=57352"}],"version-history":[{"count":0,"href":"https:\/\/archive.sana.sy\/tr\/index.php?rest_route=\/wp\/v2\/posts\/57352\/revisions"}],"wp:featuredmedia":[{"embeddable":true,"href":"https:\/\/archive.sana.sy\/tr\/index.php?rest_route=\/wp\/v2\/media\/57356"}],"wp:attachment":[{"href":"https:\/\/archive.sana.sy\/tr\/index.php?rest_route=%2Fwp%2Fv2%2Fmedia&parent=57352"}],"wp:term":[{"taxonomy":"category","embeddable":true,"href":"https:\/\/archive.sana.sy\/tr\/index.php?rest_route=%2Fwp%2Fv2%2Fcategories&post=57352"},{"taxonomy":"post_tag","embeddable":true,"href":"https:\/\/archive.sana.sy\/tr\/index.php?rest_route=%2Fwp%2Fv2%2Ftags&post=57352"}],"curies":[{"name":"wp","href":"https:\/\/api.w.org\/{rel}","templated":true}]}}