{"id":57363,"date":"2016-01-09T14:23:06","date_gmt":"2016-01-09T12:23:06","guid":{"rendered":"http:\/\/www.sana.sy\/tr\/?p=57363"},"modified":"2016-01-09T14:51:39","modified_gmt":"2016-01-09T12:51:39","slug":"kanun-kacagi-27-kisi-teslim-oldu","status":"publish","type":"post","link":"https:\/\/archive.sana.sy\/tr\/?p=57363","title":{"rendered":"Kanun Ka\u00e7a\u011f\u0131 27 Ki\u015fi Teslim Oldu"},"content":{"rendered":"<p>\u0130LLER \u2013 Homs, Hama ve \u0130dlib illerinden kanun ka\u00e7a\u011f\u0131 27 ki\u015fi g\u00fcvenlik kurumlar\u0131na teslim oldu.<\/p>\n<p>Ulusal uzla\u015fma \u00e7abalar\u0131 kapsam\u0131nda teslim olan kanun ka\u00e7aklar\u0131, vatan ve halk\u0131n\u0131 hedef alan eylemlere kat\u0131lmaktan pi\u015fman olduklar\u0131n\u0131 ifade ederken af karar\u0131ndan faydalanma iste\u011finde olduklar\u0131n\u0131 belirtti.<\/p>\n","protected":false},"excerpt":{"rendered":"<p>\u0130LLER \u2013 Homs, Hama ve \u0130dlib illerinden kanun ka\u00e7a\u011f\u0131 27 ki\u015fi g\u00fcvenlik kurumlar\u0131na teslim oldu. Ulusal uzla\u015fma \u00e7abalar\u0131 kapsam\u0131nda teslim olan kanun ka\u00e7aklar\u0131, vatan ve halk\u0131n\u0131 hedef alan eylemlere kat\u0131lmaktan pi\u015fman olduklar\u0131n\u0131 ifade ederken af karar\u0131ndan faydalanma iste\u011finde olduklar\u0131n\u0131 belirtti.<\/p>\n","protected":false},"author":1,"featured_media":57368,"comment_status":"closed","ping_status":"closed","sticky":false,"template":"","format":"standard","meta":{"footnotes":""},"categories":[479,575,17988,478],"tags":[18363,18156,18451],"class_list":["post-57363","post","type-post","status-publish","format-standard","has-post-thumbnail","","category-haberler-yerel","category-olaylar-ve-gercekler","category-son-haberler","category-yerel","tag-af-karari","tag-kanun-kacaklari","tag-teslim-oldular"],"_links":{"self":[{"href":"https:\/\/archive.sana.sy\/tr\/index.php?rest_route=\/wp\/v2\/posts\/57363","targetHints":{"allow":["GET"]}}],"collection":[{"href":"https:\/\/archive.sana.sy\/tr\/index.php?rest_route=\/wp\/v2\/posts"}],"about":[{"href":"https:\/\/archive.sana.sy\/tr\/index.php?rest_route=\/wp\/v2\/types\/post"}],"author":[{"embeddable":true,"href":"https:\/\/archive.sana.sy\/tr\/index.php?rest_route=\/wp\/v2\/users\/1"}],"replies":[{"embeddable":true,"href":"https:\/\/archive.sana.sy\/tr\/index.php?rest_route=%2Fwp%2Fv2%2Fcomments&post=57363"}],"version-history":[{"count":0,"href":"https:\/\/archive.sana.sy\/tr\/index.php?rest_route=\/wp\/v2\/posts\/57363\/revisions"}],"wp:featuredmedia":[{"embeddable":true,"href":"https:\/\/archive.sana.sy\/tr\/index.php?rest_route=\/wp\/v2\/media\/57368"}],"wp:attachment":[{"href":"https:\/\/archive.sana.sy\/tr\/index.php?rest_route=%2Fwp%2Fv2%2Fmedia&parent=57363"}],"wp:term":[{"taxonomy":"category","embeddable":true,"href":"https:\/\/archive.sana.sy\/tr\/index.php?rest_route=%2Fwp%2Fv2%2Fcategories&post=57363"},{"taxonomy":"post_tag","embeddable":true,"href":"https:\/\/archive.sana.sy\/tr\/index.php?rest_route=%2Fwp%2Fv2%2Ftags&post=57363"}],"curies":[{"name":"wp","href":"https:\/\/api.w.org\/{rel}","templated":true}]}}