{"id":57369,"date":"2016-01-09T14:42:53","date_gmt":"2016-01-09T12:42:53","guid":{"rendered":"http:\/\/www.sana.sy\/tr\/?p=57369"},"modified":"2016-01-09T14:42:53","modified_gmt":"2016-01-09T12:42:53","slug":"sanaya-konusan-askeri-kaynak-ordu-birliklerimiz-lazkiye-kirsalinda-erdogan-rejimine-tabi-cokuluslu-tekfirci-teror-ceteleri-sayi-ve-ekipmanlariyla-buyuk-kayiplara-ugratmalari-ardindan-mgayriye","status":"publish","type":"post","link":"https:\/\/archive.sana.sy\/tr\/?p=57369","title":{"rendered":"SANA\u2019ya konu\u015fan askeri kaynak ordu birliklerimiz Lazkiye k\u0131rsal\u0131nda Erdo\u011fan rejimine tabi \u00e7okuluslu tekfirci ter\u00f6r \u00e7eteleri say\u0131 ve ekipmanlar\u0131yla b\u00fcy\u00fck kay\u0131plara u\u011fratmalar\u0131 ard\u0131ndan M\u011fayriye K\u00f6y\u00fc ve R\u00fcveyset el Kamui tepelerini bu \u00e7etelerden temizleyip kontrollerine ge\u00e7irdiklerini belirtti"},"content":{"rendered":"<p>SANA\u2019ya konu\u015fan askeri kaynak ordu birliklerimiz Lazkiye k\u0131rsal\u0131nda Erdo\u011fan rejimine tabi \u00e7okuluslu tekfirci ter\u00f6r \u00e7eteleri say\u0131 ve ekipmanlar\u0131yla b\u00fcy\u00fck kay\u0131plara u\u011fratmalar\u0131 ard\u0131ndan M\u011fayriye K\u00f6y\u00fc ve R\u00fcveyset el Kamui tepelerini bu \u00e7etelerden temizleyip kontrollerine ge\u00e7irdiklerini belirtti<\/p>\n","protected":false},"excerpt":{"rendered":"<p>SANA\u2019ya konu\u015fan askeri kaynak ordu birliklerimiz Lazkiye k\u0131rsal\u0131nda Erdo\u011fan rejimine tabi \u00e7okuluslu tekfirci ter\u00f6r \u00e7eteleri say\u0131 ve ekipmanlar\u0131yla b\u00fcy\u00fck kay\u0131plara u\u011fratmalar\u0131 ard\u0131ndan M\u011fayriye K\u00f6y\u00fc ve R\u00fcveyset el Kamui tepelerini bu \u00e7etelerden temizleyip kontrollerine ge\u00e7irdiklerini belirtti<\/p>\n","protected":false},"author":1,"featured_media":0,"comment_status":"closed","ping_status":"closed","sticky":false,"template":"","format":"standard","meta":{"footnotes":""},"categories":[17991],"tags":[],"class_list":["post-57369","post","type-post","status-publish","format-standard","","category-son-dakika"],"_links":{"self":[{"href":"https:\/\/archive.sana.sy\/tr\/index.php?rest_route=\/wp\/v2\/posts\/57369","targetHints":{"allow":["GET"]}}],"collection":[{"href":"https:\/\/archive.sana.sy\/tr\/index.php?rest_route=\/wp\/v2\/posts"}],"about":[{"href":"https:\/\/archive.sana.sy\/tr\/index.php?rest_route=\/wp\/v2\/types\/post"}],"author":[{"embeddable":true,"href":"https:\/\/archive.sana.sy\/tr\/index.php?rest_route=\/wp\/v2\/users\/1"}],"replies":[{"embeddable":true,"href":"https:\/\/archive.sana.sy\/tr\/index.php?rest_route=%2Fwp%2Fv2%2Fcomments&post=57369"}],"version-history":[{"count":0,"href":"https:\/\/archive.sana.sy\/tr\/index.php?rest_route=\/wp\/v2\/posts\/57369\/revisions"}],"wp:attachment":[{"href":"https:\/\/archive.sana.sy\/tr\/index.php?rest_route=%2Fwp%2Fv2%2Fmedia&parent=57369"}],"wp:term":[{"taxonomy":"category","embeddable":true,"href":"https:\/\/archive.sana.sy\/tr\/index.php?rest_route=%2Fwp%2Fv2%2Fcategories&post=57369"},{"taxonomy":"post_tag","embeddable":true,"href":"https:\/\/archive.sana.sy\/tr\/index.php?rest_route=%2Fwp%2Fv2%2Ftags&post=57369"}],"curies":[{"name":"wp","href":"https:\/\/api.w.org\/{rel}","templated":true}]}}