{"id":57371,"date":"2016-01-09T11:50:52","date_gmt":"2016-01-09T09:50:52","guid":{"rendered":"http:\/\/www.sana.sy\/tr\/?p=57371"},"modified":"2016-01-09T14:52:49","modified_gmt":"2016-01-09T12:52:49","slug":"ya-suudi-arabistanlidir-ya-da-suudi-parasiyla-beyni-yikanmistir","status":"publish","type":"post","link":"https:\/\/archive.sana.sy\/tr\/?p=57371","title":{"rendered":"Ya Suudi Arabistanl\u0131d\u0131r ya da Suudi Paras\u0131yla Beyni Y\u0131kanm\u0131\u015ft\u0131r"},"content":{"rendered":"<p>TAHRAN \u2013 \u0130ran D\u0131\u015fi\u015fleri Bakan\u0131 Muhammed Cevat Zarif Suudi rejiminin \u2018tekfirci ter\u00f6r \u00f6rg\u00fctlere destek ve kinci mezhepsel fitne politikas\u0131n\u0131 s\u00fcrd\u00fcrme ile g\u00fczel kom\u015fuluk ili\u015fkileri ve b\u00f6lge istikrar\u0131n\u0131n sa\u011flanmas\u0131nda yap\u0131c\u0131 rol oyma politikas\u0131 aras\u0131nda bir se\u00e7im yapmas\u0131 gerekti\u011fini belirtti.<\/p>\n<p>Zarif BM genel sekreteri ve \u0130slami \u0130\u015fbirli\u011fi Te\u015fkilat\u0131 genel sekreterinin yan\u0131 s\u0131ra d\u00fcnya \u00fclkelerinden bir\u00e7ok mevkida\u015f\u0131na g\u00f6nderdi\u011fi resmi mektubunda; \u0130ran\u2019\u0131n \u00f6zellikle kom\u015fu \u00fclkelerle gerginli\u011fin t\u0131rmanmas\u0131na kar\u015f\u0131 tutumlar\u0131na dikkat \u00e7ekerek, Suudi rejiminin akli selim davranmas\u0131 temennisinde bulundu. Suudi rejiminin bir\u00e7ok b\u00f6lge devletini krizlere bula\u015ft\u0131rma \u00e7abas\u0131nda oldu\u011funa dair bir dizi verinin bulundu\u011funu ifade eden Zarif; I\u015e\u0130D, Nusra Cephesi, Kaide ve daha ba\u015fka \u00f6rg\u00fctlerden katliam i\u015fleyenlerin b\u00fcy\u00fck \u00e7o\u011funlu\u011funun Suudili yada Suudi paras\u0131yla beyinleri y\u0131kanm\u0131\u015f tekfircilerden ibaret oldu\u011funa vurgu yapt\u0131.<\/p>\n","protected":false},"excerpt":{"rendered":"<p>TAHRAN \u2013 \u0130ran D\u0131\u015fi\u015fleri Bakan\u0131 Muhammed Cevat Zarif Suudi rejiminin \u2018tekfirci ter\u00f6r \u00f6rg\u00fctlere destek ve kinci mezhepsel fitne politikas\u0131n\u0131 s\u00fcrd\u00fcrme ile g\u00fczel kom\u015fuluk ili\u015fkileri ve b\u00f6lge istikrar\u0131n\u0131n sa\u011flanmas\u0131nda yap\u0131c\u0131 rol oyma politikas\u0131 aras\u0131nda bir se\u00e7im yapmas\u0131 gerekti\u011fini belirtti. Zarif BM genel sekreteri ve \u0130slami \u0130\u015fbirli\u011fi Te\u015fkilat\u0131 genel sekreterinin yan\u0131 s\u0131ra d\u00fcnya \u00fclkelerinden bir\u00e7ok mevkida\u015f\u0131na g\u00f6nderdi\u011fi &hellip;<\/p>\n","protected":false},"author":1,"featured_media":57373,"comment_status":"closed","ping_status":"closed","sticky":false,"template":"","format":"standard","meta":{"footnotes":""},"categories":[458,459,17988],"tags":[16943,2733,18411,18452],"class_list":["post-57371","post","type-post","status-publish","format-standard","has-post-thumbnail","","category-dunya1","category-haberler-arap-uluslararasi-politika","category-son-haberler","tag-iran-disisleri-bakani-muhammed-cevat-zarif","tag-suudi-arabistan","tag-vahhabi-rejim","tag-ya-suudi-arabistanlidir-ya-da-suudi-parasiyla-beyni-yikanmistir"],"_links":{"self":[{"href":"https:\/\/archive.sana.sy\/tr\/index.php?rest_route=\/wp\/v2\/posts\/57371","targetHints":{"allow":["GET"]}}],"collection":[{"href":"https:\/\/archive.sana.sy\/tr\/index.php?rest_route=\/wp\/v2\/posts"}],"about":[{"href":"https:\/\/archive.sana.sy\/tr\/index.php?rest_route=\/wp\/v2\/types\/post"}],"author":[{"embeddable":true,"href":"https:\/\/archive.sana.sy\/tr\/index.php?rest_route=\/wp\/v2\/users\/1"}],"replies":[{"embeddable":true,"href":"https:\/\/archive.sana.sy\/tr\/index.php?rest_route=%2Fwp%2Fv2%2Fcomments&post=57371"}],"version-history":[{"count":0,"href":"https:\/\/archive.sana.sy\/tr\/index.php?rest_route=\/wp\/v2\/posts\/57371\/revisions"}],"wp:featuredmedia":[{"embeddable":true,"href":"https:\/\/archive.sana.sy\/tr\/index.php?rest_route=\/wp\/v2\/media\/57373"}],"wp:attachment":[{"href":"https:\/\/archive.sana.sy\/tr\/index.php?rest_route=%2Fwp%2Fv2%2Fmedia&parent=57371"}],"wp:term":[{"taxonomy":"category","embeddable":true,"href":"https:\/\/archive.sana.sy\/tr\/index.php?rest_route=%2Fwp%2Fv2%2Fcategories&post=57371"},{"taxonomy":"post_tag","embeddable":true,"href":"https:\/\/archive.sana.sy\/tr\/index.php?rest_route=%2Fwp%2Fv2%2Ftags&post=57371"}],"curies":[{"name":"wp","href":"https:\/\/api.w.org\/{rel}","templated":true}]}}