{"id":57375,"date":"2016-01-09T11:01:08","date_gmt":"2016-01-09T09:01:08","guid":{"rendered":"http:\/\/www.sana.sy\/tr\/?p=57375"},"modified":"2016-01-09T15:01:58","modified_gmt":"2016-01-09T13:01:58","slug":"erdogan-rejimi-yalanlarina-son-verip-tum-guclerini-cekmelidir","status":"publish","type":"post","link":"https:\/\/archive.sana.sy\/tr\/?p=57375","title":{"rendered":"Erdo\u011fan Rejimi Yalanlar\u0131na Son Verip T\u00fcm G\u00fc\u00e7lerini \u00c7ekmelidir"},"content":{"rendered":"<p>BA\u011eDAT \u2013 Irak Ba\u015fbakan\u0131 Haydar el Abbadi T\u00fcrkiye rejimini, Irak\u2019\u0131n kuzeyinde bulunan g\u00fc\u00e7lerinin tamam\u0131n\u0131 derhal ve ko\u015fulsuz \u00e7ekmeye bir kez daha \u00e7a\u011f\u0131r\u0131rken, Irak\u2019\u0131n hi\u00e7bir neden alt\u0131nda bu g\u00fc\u00e7lerin kendi topraklar\u0131nda bulunmalar\u0131n\u0131 kabul etmeyece\u011fini vurgulad\u0131.<\/p>\n<p>Irak \u0130\u00e7i\u015fleri Bakanl\u0131\u011f\u0131n\u0131n Polis G\u00fc\u00e7lerinin 94. Kurulu\u015f y\u0131ld\u00f6n\u00fcm\u00fcnde d\u00fczenledi\u011fi etkinlikte konu\u015fan Abbadi; Irak topraklar\u0131nda T\u00fcrk g\u00fc\u00e7lerinin varl\u0131\u011f\u0131na kesinlikle izin verilmeyece\u011fini ifade etti. Abbadi T\u00fcrkiye rejiminin bu g\u00fc\u00e7lerini Irak topraklar\u0131nda b\u0131rakmak i\u00e7in \u00f6ne s\u00fcrd\u00fc\u011f\u00fc as\u0131ls\u0131z yalan ve iddialara da son vermesini istedi.<\/p>\n<p>Irak Ba\u015fbakan\u0131 Erdo\u011fan g\u00fc\u00e7lerinin Irak topraklar\u0131ndan tam olarak \u00e7ekilmeleri i\u00e7in uluslar aras\u0131 kanunlar \u00e7er\u00e7evesinde her gayret ve \u00e7abay\u0131 sarf edeceklerini ifade etti.<\/p>\n<p>B\u00f6lgede mevcut ve yarat\u0131lmaya \u00e7al\u0131\u015f\u0131lan krizlerin as\u0131l amac\u0131n\u0131n dikkatleri ter\u00f6r ve ter\u00f6rle m\u00fccadeleden uzak tutmak oldu\u011funu belirten Abbadi; ter\u00f6rle m\u00fccadelede devletlerin egemenli\u011fine ve uluslar aras\u0131 kanunlara sayg\u0131ya davet etti.<\/p>\n","protected":false},"excerpt":{"rendered":"<p>BA\u011eDAT \u2013 Irak Ba\u015fbakan\u0131 Haydar el Abbadi T\u00fcrkiye rejimini, Irak\u2019\u0131n kuzeyinde bulunan g\u00fc\u00e7lerinin tamam\u0131n\u0131 derhal ve ko\u015fulsuz \u00e7ekmeye bir kez daha \u00e7a\u011f\u0131r\u0131rken, Irak\u2019\u0131n hi\u00e7bir neden alt\u0131nda bu g\u00fc\u00e7lerin kendi topraklar\u0131nda bulunmalar\u0131n\u0131 kabul etmeyece\u011fini vurgulad\u0131. Irak \u0130\u00e7i\u015fleri Bakanl\u0131\u011f\u0131n\u0131n Polis G\u00fc\u00e7lerinin 94. Kurulu\u015f y\u0131ld\u00f6n\u00fcm\u00fcnde d\u00fczenledi\u011fi etkinlikte konu\u015fan Abbadi; Irak topraklar\u0131nda T\u00fcrk g\u00fc\u00e7lerinin varl\u0131\u011f\u0131na kesinlikle izin verilmeyece\u011fini ifade &hellip;<\/p>\n","protected":false},"author":1,"featured_media":57376,"comment_status":"closed","ping_status":"closed","sticky":false,"template":"","format":"standard","meta":{"footnotes":""},"categories":[458,459,17988],"tags":[18453,17972],"class_list":["post-57375","post","type-post","status-publish","format-standard","has-post-thumbnail","","category-dunya1","category-haberler-arap-uluslararasi-politika","category-son-haberler","tag-erdogan-rejimi-yalanlarina-son-verip-tum-guclerini-cekmelidir","tag-irak-basbakani-haydar-el-abbadi"],"_links":{"self":[{"href":"https:\/\/archive.sana.sy\/tr\/index.php?rest_route=\/wp\/v2\/posts\/57375","targetHints":{"allow":["GET"]}}],"collection":[{"href":"https:\/\/archive.sana.sy\/tr\/index.php?rest_route=\/wp\/v2\/posts"}],"about":[{"href":"https:\/\/archive.sana.sy\/tr\/index.php?rest_route=\/wp\/v2\/types\/post"}],"author":[{"embeddable":true,"href":"https:\/\/archive.sana.sy\/tr\/index.php?rest_route=\/wp\/v2\/users\/1"}],"replies":[{"embeddable":true,"href":"https:\/\/archive.sana.sy\/tr\/index.php?rest_route=%2Fwp%2Fv2%2Fcomments&post=57375"}],"version-history":[{"count":0,"href":"https:\/\/archive.sana.sy\/tr\/index.php?rest_route=\/wp\/v2\/posts\/57375\/revisions"}],"wp:featuredmedia":[{"embeddable":true,"href":"https:\/\/archive.sana.sy\/tr\/index.php?rest_route=\/wp\/v2\/media\/57376"}],"wp:attachment":[{"href":"https:\/\/archive.sana.sy\/tr\/index.php?rest_route=%2Fwp%2Fv2%2Fmedia&parent=57375"}],"wp:term":[{"taxonomy":"category","embeddable":true,"href":"https:\/\/archive.sana.sy\/tr\/index.php?rest_route=%2Fwp%2Fv2%2Fcategories&post=57375"},{"taxonomy":"post_tag","embeddable":true,"href":"https:\/\/archive.sana.sy\/tr\/index.php?rest_route=%2Fwp%2Fv2%2Ftags&post=57375"}],"curies":[{"name":"wp","href":"https:\/\/api.w.org\/{rel}","templated":true}]}}