{"id":57378,"date":"2016-01-09T15:25:29","date_gmt":"2016-01-09T13:25:29","guid":{"rendered":"http:\/\/www.sana.sy\/tr\/?p=57378"},"modified":"2016-01-11T16:35:32","modified_gmt":"2016-01-11T14:35:32","slug":"erdogan-ceteleri-yine-sivillere-saldirdi-2","status":"publish","type":"post","link":"https:\/\/archive.sana.sy\/tr\/?p=57378","title":{"rendered":"Erdo\u011fan \u00c7eteleri Yine Sivillere Sald\u0131rd\u0131"},"content":{"rendered":"<p>HALEP \u2013 \u0130hvanc\u0131 Erdo\u011fan ve Vahhabi Al Suud rejimlerine tabi tekfirci ter\u00f6r \u00e7eteleri Halep k\u0131rsal\u0131n\u0131n kuzeyi N\u00fcbbul ve Zehra beldelerinde vatanda\u015flar\u0131n evlerine geli\u015fig\u00fczel f\u00fcze sald\u0131r\u0131lar\u0131nda bulundular.<\/p>\n<p>\u0130ki beldeden yerel kaynaklar SANA ile telefon g\u00f6r\u00fc\u015fmelerinde tekfirci \u00e7etelerin bug\u00fcn iki beldede vatanda\u015flar\u0131n evlerini havan roketleriyle hedef ald\u0131klar\u0131n\u0131 belirtti. Kaynaklar sald\u0131r\u0131larda birka\u00e7 vatanda\u015f\u0131n yaraland\u0131\u011f\u0131n\u0131, evlerde de maddi hasar\u0131n olu\u015ftu\u011funu s\u00f6yledi.<\/p>\n<p>Halep kentinin yakla\u015f\u0131k 20 km kuzeyine d\u00fc\u015fen N\u00fcbbul ve Zehra Beldeleri 3 y\u0131la yak\u0131n s\u00fcredir Nusra Cephesinin ablukas\u0131 alt\u0131nda olup ahalisi hemen hemen g\u00fcn\u00fc birlik olarak geli\u015fig\u00fczel f\u00fcze ve roket sald\u0131r\u0131lar\u0131na maruz kal\u0131yor.<\/p>\n<p>\u0130dlib k\u0131rsal\u0131nda ise yine Erdo\u011fan \u00e7eteleri \u2018fetih Ordusu\u2019nun ablukas\u0131 alt\u0131ndaki Fua ve Kefrayya beldeleri de ter\u00f6ristler taraf\u0131ndan ila\u00e7 ve g\u0131dadan mahrum b\u0131rak\u0131l\u0131rken, yine benzer sald\u0131r\u0131lara maruz kal\u0131yor.<\/p>\n<p>Ter\u00f6r yanl\u0131s\u0131 medya ara\u00e7lar\u0131 ise s\u00f6z konusu bu beldede ya\u015fayan insanlar\u0131n ter\u00f6ristlerden \u00e7ektikleri ac\u0131lar\u0131, maruz kald\u0131klar\u0131 sald\u0131r\u0131lar ve a\u00e7l\u0131k durumlar\u0131n\u0131 hi\u00e7bir \u015fekilde g\u00f6rmezlerken birka\u00e7 g\u00fcnd\u00fcr Nusra Cephesi ve Ahrar el \u015eam \u0130slami Hareketi tekfircilerinin siyasi kart olarak kulland\u0131klar\u0131 Madaya Beldesi ahalisine ili\u015fkin as\u0131ls\u0131z iddialar ve g\u00f6r\u00fcnt\u00fclerle h\u0131r\u00e7\u0131n bir medya hamlesi y\u00fcr\u00fct\u00fcyorlar.<\/p>\n","protected":false},"excerpt":{"rendered":"<p>HALEP \u2013 \u0130hvanc\u0131 Erdo\u011fan ve Vahhabi Al Suud rejimlerine tabi tekfirci ter\u00f6r \u00e7eteleri Halep k\u0131rsal\u0131n\u0131n kuzeyi N\u00fcbbul ve Zehra beldelerinde vatanda\u015flar\u0131n evlerine geli\u015fig\u00fczel f\u00fcze sald\u0131r\u0131lar\u0131nda bulundular. \u0130ki beldeden yerel kaynaklar SANA ile telefon g\u00f6r\u00fc\u015fmelerinde tekfirci \u00e7etelerin bug\u00fcn iki beldede vatanda\u015flar\u0131n evlerini havan roketleriyle hedef ald\u0131klar\u0131n\u0131 belirtti. Kaynaklar sald\u0131r\u0131larda birka\u00e7 vatanda\u015f\u0131n yaraland\u0131\u011f\u0131n\u0131, evlerde de maddi hasar\u0131n &hellip;<\/p>\n","protected":false},"author":1,"featured_media":57381,"comment_status":"closed","ping_status":"closed","sticky":false,"template":"","format":"standard","meta":{"footnotes":""},"categories":[479,575,17988,478],"tags":[3464,18176,18066,15787,17274,18344,5010,18454,2930],"class_list":["post-57378","post","type-post","status-publish","format-standard","has-post-thumbnail","","category-haberler-yerel","category-olaylar-ve-gercekler","category-son-haberler","category-yerel","tag-nusra-cephesi","tag-erdogan-ceteleri","tag-erdogan-rejimi","tag-fetih-ordusu","tag-fuze-saldirisi","tag-gelisiguzel-saldirilar","tag-havan-saldirilari","tag-nubbul-ve-zehra-beldeleri","tag-teroristler"],"_links":{"self":[{"href":"https:\/\/archive.sana.sy\/tr\/index.php?rest_route=\/wp\/v2\/posts\/57378","targetHints":{"allow":["GET"]}}],"collection":[{"href":"https:\/\/archive.sana.sy\/tr\/index.php?rest_route=\/wp\/v2\/posts"}],"about":[{"href":"https:\/\/archive.sana.sy\/tr\/index.php?rest_route=\/wp\/v2\/types\/post"}],"author":[{"embeddable":true,"href":"https:\/\/archive.sana.sy\/tr\/index.php?rest_route=\/wp\/v2\/users\/1"}],"replies":[{"embeddable":true,"href":"https:\/\/archive.sana.sy\/tr\/index.php?rest_route=%2Fwp%2Fv2%2Fcomments&post=57378"}],"version-history":[{"count":0,"href":"https:\/\/archive.sana.sy\/tr\/index.php?rest_route=\/wp\/v2\/posts\/57378\/revisions"}],"wp:featuredmedia":[{"embeddable":true,"href":"https:\/\/archive.sana.sy\/tr\/index.php?rest_route=\/wp\/v2\/media\/57381"}],"wp:attachment":[{"href":"https:\/\/archive.sana.sy\/tr\/index.php?rest_route=%2Fwp%2Fv2%2Fmedia&parent=57378"}],"wp:term":[{"taxonomy":"category","embeddable":true,"href":"https:\/\/archive.sana.sy\/tr\/index.php?rest_route=%2Fwp%2Fv2%2Fcategories&post=57378"},{"taxonomy":"post_tag","embeddable":true,"href":"https:\/\/archive.sana.sy\/tr\/index.php?rest_route=%2Fwp%2Fv2%2Ftags&post=57378"}],"curies":[{"name":"wp","href":"https:\/\/api.w.org\/{rel}","templated":true}]}}